{"id":105353,"date":"2025-02-21T18:05:41","date_gmt":"2025-02-21T18:05:41","guid":{"rendered":"https:\/\/rdnews.al\/?p=105353"},"modified":"2025-02-21T19:10:18","modified_gmt":"2025-02-21T19:10:18","slug":"dokumenti-veliaj-eshte-kapur-me-ze-dhe-me-figure-tentoi-te-prishe-provat","status":"publish","type":"post","link":"https:\/\/rdnews.al\/index.php\/2025\/02\/21\/dokumenti-veliaj-eshte-kapur-me-ze-dhe-me-figure-tentoi-te-prishe-provat\/","title":{"rendered":"Dokumenti\/ Vendimi i Gjykat\u00ebs q\u00eb \u00e7oi n\u00eb burg Veliajn"},"content":{"rendered":"<p>Ka nj\u00eb debat publik, nj\u00eb k\u00ebndv\u00ebshtrim t\u00eb hedhur ekzakt\u00ebsisht nga ekspert\u00ebt e PS-s\u00eb, n\u00eb m\u00ebnyr\u00eb t\u00eb ve\u00e7ant\u00eb nga kryeministri, se Erion Veliaj mbahet n\u00eb burg pa gjyq, pa nj\u00eb vendim gjykate.<\/p>\n<p>N\u00eb fakt kjo \u00ebsht\u00eb nj\u00eb g\u00ebnjesht\u00ebr. Dokumenti m\u00eb posht\u00eb tregon vendimin e par\u00eb t\u00eb gjykat\u00ebs p\u00ebr arrestimin e Erion Veliajt dhe m\u00eb pas, pas 48 or\u00ebsh \u00ebsht\u00eb b\u00ebr\u00eb nj\u00eb gjyq, pra, nj\u00eb proces gjyq\u00ebsor, i cili ka zgjatur rreth 15 or\u00eb, ku avokat\u00ebt kan\u00eb mbrojtur pal\u00ebt.<\/p>\n<p>Erion Veliaj \u00ebsht\u00eb mbrojtur vet\u00eb n\u00eb seanc\u00eb me avokat\u00ebt e tij, pra, ka folur dhe vet\u00eb. Jan\u00eb ndodhur p\u00ebrball\u00eb t\u00eb akuzuarit, prokurori Altin Dumani dhe Ols Dado, dhe m\u00eb pas gjykata ka vendosur q\u00eb duhet t\u00eb q\u00ebndroj\u00eb n\u00eb arrest me burg, p\u00ebr shkak t\u00eb fakteve dhe provave q\u00eb mbante dosja, por edhe p\u00ebr shkak se Erion Veliaj dhe njer\u00ebzit e tij t\u00eb af\u00ebrt kan\u00eb tentuar t\u00eb prishin provat si\u00e7 \u00ebsht\u00eb rasti i Klotilda Bushk\u00ebs, kryetares s\u00eb Komisionit t\u00eb Ligjeve q\u00eb g\u00ebnjeu publikisht duke th\u00ebn\u00eb se nuk kishte b\u00ebr\u00eb veprime, por kishte dh\u00ebn\u00eb k\u00ebshilla.<\/p>\n<p>N\u00eb fakt \u00ebsht\u00eb kapur me z\u00eb dhe me figur\u00eb. Pra Erion Veliaj \u00ebsht\u00eb n\u00eb burg me vendim gjykate dhe me mas\u00eb sigurie.<\/p>\n<div id=\"rekl-56\">\n<p><em><strong><img decoding=\"async\" src=\"https:\/\/media.cna.al\/cna.al\/media3\/-640-0-1740142312xvendimi-logo-848.jpg\" alt=\"Dokumenti\/ Ja me \u00e7far\u00eb vendimi \u00ebsht\u00eb arrestuar Erion\" width=\"100%\" data-size=\"x\" data-id=\"471063\" \/><\/strong><\/em><\/p>\n<p>N\u00eb fakt \u00ebsht\u00eb kapur me z\u00eb dhe me figur\u00eb. Pra Erion Veliaj \u00ebsht\u00eb n\u00eb burg me vendim gjykate dhe me mas\u00eb sigurie.<\/p>\n<\/div>\n<p><strong>Teza e Ram\u00ebs<\/strong><\/p>\n<p>Sipas kryeministrit Rama, Erion Veliaj nuk duhet t\u00eb ishte arrestuar, por mund ta b\u00ebnte d\u00ebnimin pasi t\u00eb p\u00ebrfundonte gjykimi, pra t\u00eb d\u00ebrgohej n\u00eb gjykat\u00eb, t\u00eb gjykohej dhe n\u00eb fund n\u00eb rast se do t\u00eb d\u00ebnohej at\u00ebher\u00eb mund t\u00eb vuante d\u00ebnimin.<\/p>\n<p>Kryeministri jep nj\u00eb m\u00ebnyr\u00eb alternative, por duhet t\u00eb m\u00ebsoj\u00eb se ka nj\u00eb Kod Penal, i cili parashikon masat e siguris\u00eb, n\u00eb burg, n\u00eb gjendje t\u00eb lir\u00eb, me detyrim me paraqitje si\u00e7 \u00ebsht\u00eb Ajola, me arrest sht\u00ebpie si\u00e7 ishte Sali Berisha, me mas\u00eb sigurie arrest me burg si\u00e7 \u00ebsht\u00eb Ilir Meta, se me logjik\u00ebn e Ram\u00ebs as Saliu nuk duhet t\u00eb ishte n\u00eb ballkon, as Meta nuk duhet t\u00eb ishte n\u00eb burg, as P\u00ebllumb Gjoka nuk duhet t\u00eb ishte n\u00eb burg, as Oltion Bistri nuk duhet t\u00eb ishte n\u00eb burg, se ishin me masa sigurie. As Safet Gjici nuk duhet t\u00eb ishte n\u00eb burg n\u00ebse nuk do t\u00eb ishte me mas\u00eb sigurie. Do t\u00eb pritej t\u00eb gjykohej dhe pastaj t\u00eb veprohej.<\/p>\n<p>Por Kodi Penal i ka t\u00eb mir\u00ebcaktuara masat e siguris\u00eb dhe k\u00ebto i vendos gjykata. Erion Veliaj duhet t\u00eb ndiqej i lir\u00eb. Saliu dhe Meta duhet t\u00eb kishin mas\u00eb sigurie, Erioni jo sipas Ram\u00ebs. Pasi t\u00eb gjykohej t\u00eb vuante d\u00ebnimin. N\u00eb fakt, ligjin e ka vendosur Kuvendi.<\/p>\n<p>Rama atje e ka n\u00eb dor\u00eb, mund t\u2019i heq\u00eb fare masat e siguris\u00eb dhe g\u00ebnjen \u00e7do mendje e s\u00ebmur\u00eb e propagand\u00ebs s\u00eb 99-\u00e7ave dhe socialist\u00ebve kur thon\u00eb se nuk ka nj\u00eb gjyq p\u00ebr arrestimin e Erion Veliajt. Ka dy gjyqe dhe Erion Veliaj \u00ebsht\u00eb me mas\u00eb sigurie si shum\u00eb raste t\u00eb tjera t\u00eb Kodit Penal.<\/p>\n<p>Dhe shum\u00eb grupe kriminale ndodhen brenda pik\u00ebrisht p\u00ebr shkak t\u00eb masave t\u00eb siguris\u00eb se k\u00ebshtu i binte q\u00eb t\u00eb gjith\u00eb t\u00eb jen\u00eb t\u00eb lir\u00eb meqen\u00ebse jan\u00eb kryetar\u00eb bashkie, ministra dhe deputet\u00eb, t\u00eb rrin\u00eb rehat kur t\u2019u vij\u00eb radha, t\u00eb mbaroj\u00eb gjyqi, pastaj t\u00eb shkojn\u00eb t\u00eb vuajn\u00eb d\u00ebnimin.<\/p>\n<p>Po kur shkojn\u00eb dhe prishin provat, \u00e7far\u00eb duhet t\u00eb ndodh\u00eb me ta?<\/p>\n<p>Ndaj dokumenti tregon q\u00eb ka nj\u00eb vendim gjykate nga gjyqtari Erion Bani, ka nj\u00eb gjyq t\u00eb dyt\u00eb q\u00eb ka zgjatur 15 or\u00eb, ka nj\u00eb p\u00ebrballje n\u00eb gjykat\u00eb dhe m\u00eb pas ka nj\u00eb vendim dhe ajo q\u00eb b\u00ebn kryeministri yn\u00eb duke th\u00ebn\u00eb q\u00eb nuk ka nj\u00eb vendim gjykate, kjo \u00ebsht\u00eb nj\u00eb g\u00ebnjesht\u00ebr, pasi askush nuk mund t\u00eb rrij\u00eb n\u00eb burg pa nj\u00eb vendim gjykate.<\/p>\n<p>Ka mas\u00eb sigurie p\u00ebr Ilir Met\u00ebn, si\u00e7 kishte edhe p\u00ebr Sali Berish\u00ebn, n\u00eb fakt ky i fundit ende e ka nj\u00eb mas\u00eb sigurie, detyrim me paraqitje, ende nuk \u00ebsht\u00eb gjykuar dhe ai.<\/p>\n<p>G\u00ebnjeshtrat se nuk ka vendime gjykate dhe se problemi \u00ebsht\u00eb vet\u00ebm prokurori, thjesht dhe vet\u00ebm i japin nj\u00eb oksigjen t\u00eb p\u00ebrkohsh\u00ebm p\u00ebr militant\u00ebt dhe asgj\u00eb m\u00eb shum\u00eb se kaq.<\/p>\n<p>N\u00eb p\u00ebrfundim t\u00eb gjith\u00eb e kuptojn\u00eb se e v\u00ebrteta vonon, por nuk harron.\/CNA.al\/<\/p>\n","protected":false},"excerpt":{"rendered":"<p>Ka nj\u00eb debat publik, nj\u00eb k\u00ebndv\u00ebshtrim t\u00eb hedhur ekzakt\u00ebsisht nga ekspert\u00ebt e PS-s\u00eb, n\u00eb m\u00ebnyr\u00eb t\u00eb ve\u00e7ant\u00eb nga kryeministri, se Erion Veliaj mbahet n\u00eb burg pa gjyq, pa nj\u00eb vendim gjykate. N\u00eb fakt kjo \u00ebsht\u00eb nj\u00eb g\u00ebnjesht\u00ebr. Dokumenti m\u00eb posht\u00eb tregon vendimin e par\u00eb t\u00eb gjykat\u00ebs p\u00ebr arrestimin e Erion Veliajt dhe m\u00eb pas, pas &hellip;<\/p>\n","protected":false},"author":4,"featured_media":104368,"comment_status":"closed","ping_status":"closed","sticky":false,"template":"","format":"standard","meta":{"footnotes":""},"categories":[37],"tags":[],"class_list":["post-105353","post","type-post","status-publish","format-standard","has-post-thumbnail","","category-politike"],"_links":{"self":[{"href":"https:\/\/rdnews.al\/index.php\/wp-json\/wp\/v2\/posts\/105353","targetHints":{"allow":["GET"]}}],"collection":[{"href":"https:\/\/rdnews.al\/index.php\/wp-json\/wp\/v2\/posts"}],"about":[{"href":"https:\/\/rdnews.al\/index.php\/wp-json\/wp\/v2\/types\/post"}],"author":[{"embeddable":true,"href":"https:\/\/rdnews.al\/index.php\/wp-json\/wp\/v2\/users\/4"}],"replies":[{"embeddable":true,"href":"https:\/\/rdnews.al\/index.php\/wp-json\/wp\/v2\/comments?post=105353"}],"version-history":[{"count":3,"href":"https:\/\/rdnews.al\/index.php\/wp-json\/wp\/v2\/posts\/105353\/revisions"}],"predecessor-version":[{"id":105361,"href":"https:\/\/rdnews.al\/index.php\/wp-json\/wp\/v2\/posts\/105353\/revisions\/105361"}],"wp:featuredmedia":[{"embeddable":true,"href":"https:\/\/rdnews.al\/index.php\/wp-json\/wp\/v2\/media\/104368"}],"wp:attachment":[{"href":"https:\/\/rdnews.al\/index.php\/wp-json\/wp\/v2\/media?parent=105353"}],"wp:term":[{"taxonomy":"category","embeddable":true,"href":"https:\/\/rdnews.al\/index.php\/wp-json\/wp\/v2\/categories?post=105353"},{"taxonomy":"post_tag","embeddable":true,"href":"https:\/\/rdnews.al\/index.php\/wp-json\/wp\/v2\/tags?post=105353"}],"curies":[{"name":"wp","href":"https:\/\/api.w.org\/{rel}","templated":true}]}}