{"id":105382,"date":"2025-02-22T09:25:37","date_gmt":"2025-02-22T09:25:37","guid":{"rendered":"https:\/\/rdnews.al\/?p=105382"},"modified":"2025-02-22T09:25:37","modified_gmt":"2025-02-22T09:25:37","slug":"intriga-pergjime-e-spiunime-cfare-po-ndodh-ne-gjykaten-kushtetuese","status":"publish","type":"post","link":"https:\/\/rdnews.al\/index.php\/2025\/02\/22\/intriga-pergjime-e-spiunime-cfare-po-ndodh-ne-gjykaten-kushtetuese\/","title":{"rendered":"Intriga, p\u00ebrgjime e \u201cspiunime\u201d, \u00e7far\u00eb po ndodh n\u00eb Gjykat\u00ebn Kushtetuese&#8230;"},"content":{"rendered":"<p>Nga\u00a0<strong>Boldnews.al<\/strong><\/p>\n<p>Ervin Karamu\u00e7o, pedagog dhe ekspert sigurie, deklaroi nj\u00eb dit\u00eb m\u00eb par\u00eb n\u00eb studion e \u201c<em>Euronews Albania<\/em>\u201d se Prokuroria e Posa\u00e7me ka v\u00ebn\u00eb n\u00eb p\u00ebrgjim an\u00ebtar\u00eb t\u00eb Gjykat\u00ebs Kushtetuese, n\u00ebn dyshimet p\u00ebr abuzim me detyr\u00ebn.<\/p>\n<p>Karamu\u00e7o nuk dha m\u00eb shum\u00eb detaje se p\u00ebr \u00e7far\u00eb dhe ndaj kujt ka nisur ky hetim apo p\u00ebrgjimi i supozuar.<\/p>\n<p>Nd\u00ebrkoh\u00eb, ish-prokurori i Krimeve t\u00eb R\u00ebnda, Eugen Be\u00e7i, i ftuar n\u00eb t\u00eb nj\u00ebjtin panel, deklaroi se \u201c<em>n\u00eb rast se ky informacion \u00ebsht\u00eb i v\u00ebrtet\u00eb, ai p\u00ebrb\u00ebn nj\u00eb rast skandaloz se si mund t\u00eb abuzohet me pushtetin q\u00eb kan\u00eb n\u00eb dor\u00eb prokuror\u00ebt e posa\u00e7\u00ebm dhe se si nj\u00eb hetim mund t\u00eb dal\u00eb nga shinat e ligjshm\u00ebris\u00eb dhe t\u00eb kthehet n\u00eb abuziv<\/em>\u201d.<\/p>\n<p>Be\u00e7i, referuar p\u00ebrvoj\u00ebs s\u00eb tij, deklaroi se \u201c<em>n\u00ebse ka nisur nj\u00eb procedim penal pa nj\u00eb fakt konkret, pa nj\u00eb vep\u00ebr penale apo shkelje konkrete, e gjith\u00eb situata mund t\u00eb shnd\u00ebrrohet n\u00eb nj\u00eb intimidim dhe presion apo c\u00ebnim t\u00eb hapur t\u00eb pavar\u00ebsis\u00eb s\u00eb gjyqtar\u00ebve kushtetues<\/em>\u201d.<\/p>\n<div class=\"jnews_inline_related_post_wrapper left\">\n<div class=\"jnews_inline_related_post\">\n<div class=\"jeg_postblock_29 jeg_postblock jeg_module_hook jeg_pagination_disable jeg_col_2o3 jnews_module_1510685_1_67b98fc490086   \" data-unique=\"jnews_module_1510685_1_67b98fc490086\">\n<div class=\"jeg_block_heading jeg_block_heading_6 jeg_subcat_right\"><\/div>\n<div class=\"jeg_block_navigation\">Gjat\u00eb bised\u00ebs n\u00eb studio nuk u p\u00ebrmend rast konkret, por, gjith\u00ebsesi, u mor si shembull q\u00eb nj\u00eb situat\u00eb problematike mund t\u00eb ket\u00eb ndodhur gjat\u00eb shqyrtimit nga Gjykata Kushtetuese t\u00eb ligjshm\u00ebris\u00eb s\u00eb komunikimeve nd\u00ebrmjet platformave t\u00eb inkriptuara, \u201cSKY\/ECC\u201d.<\/div>\n<\/div>\n<\/div>\n<\/div>\n<p>N\u00eb mesin e vitit 2024, Gjykata Kushtetuese mori nj\u00eb k\u00ebrkes\u00eb nga pal\u00eb t\u00eb interesuara p\u00ebr t\u00eb shpallur t\u00eb paligjshme mesazhet n\u00eb SKY.<\/p>\n<p>Burime t\u00eb ndryshme tregojn\u00eb se gjat\u00eb shqyrtimit t\u00eb k\u00ebsaj dosjeje, nj\u00eb prej gjyqtar\u00ebve ka raportuar pran\u00eb SPAK-ut p\u00ebr nd\u00ebrhyrje jo-normale nga ana e nj\u00eb kolegut t\u00eb tij. P\u00ebr momentin, nuk \u00ebsht\u00eb e qart\u00eb n\u00ebse ka pasur nj\u00eb raportim t\u00eb till\u00eb dhe n\u00ebse ky raportim ka sh\u00ebrbyer p\u00ebr nisjen e \u201cp\u00ebrgjimeve\u201d ndaj gjyqtar\u00ebve kushtetues q\u00eb u pretenduan nga eksperti Karamu\u00e7o.<\/p>\n<p>Gjithashtu, n\u00ebse ka pasur \u201cp\u00ebrgjim\u201d t\u00eb gjyqtar\u00ebve kushtetues, nuk \u00ebsht\u00eb e qart\u00eb n\u00ebse ka qen\u00eb interceptim procedurial, pra i urdh\u00ebruar nga prokurori, apo parandalues, q\u00eb kryhet nga Policia ose sh\u00ebrbimet inteligjente.<\/p>\n<p>Z\u00ebra t\u00eb ndrysh\u00ebm publik\u00eb, p\u00ebrfshir\u00eb edhe ish-kryeministrin Sali Berisha, kan\u00eb ngritur m\u00eb her\u00ebt shqet\u00ebsimin se Gjykata Kushtetuese gjendet n\u00ebn presion p\u00ebr vendimmarrjen mbi \u201cSky\/ECC\u201d nga rryma t\u00eb ndryshme t\u00eb interesuara.<\/p>\n<p>Edhe \u201c<strong><em>Boldnews.al<\/em><\/strong>\u201d ka\u00a0<a href=\"https:\/\/boldnews.al\/2024\/09\/16\/kerkesa-e-pellumb-gjokes-ne-kushtetuese-a-do-te-shpallen-te-pavlefshme-mesazhet-sky\/\" target=\"_blank\" rel=\"noopener\">raportuar<\/a>\u00a0m\u00eb her\u00ebt p\u00ebr ekzistenc\u00ebn e \u201cnd\u00ebrhyrjeve\u201d t\u00eb mundshme n\u00eb k\u00ebt\u00eb histori.<\/p>\n<p>Megjithat\u00eb, n\u00eb 30 dhjetor t\u00eb vitit 2024, Gjykata Kushtetuese rr\u00ebzoi n\u00eb unanimitet k\u00ebrkes\u00ebn p\u00ebr shpalljen e paligjshme t\u00eb komunikimeve \u201cSKY\u201d.<\/p>\n<p>Ky vendim krijon premisat q\u00eb, n\u00eb rast se deklaratat e Karamu\u00e7os lidhen p\u00ebr k\u00ebt\u00eb rast, \u201cnd\u00ebrhyrja\u201d ose nuk e ka arritur q\u00ebllimin ose mund t\u00eb mos ket\u00eb pasur aspak \u201cnd\u00ebrhyrje\u201d.<\/p>\n<p>Ish-prokurori Be\u00e7i deklaron se \u201c<em>N\u00eb rast se nj\u00eb prokurori nis c\u00ebshtjen penale p\u00ebr t\u00eb kuptuar n\u00ebse individi shkel apo jo ligjin, \u00ebsht\u00eb gabim\u2026 Por, n\u00ebse \u00e7\u00ebshtja penale ka nisur me iden\u00eb q\u00eb un\u00eb t\u00eb mbaj n\u00ebn kontroll an\u00ebtar\u00ebt e Gjykat\u00ebs Kushtetuese pa pasur indicje t\u00eb forta ligjore, at\u00ebher\u00eb n\u00eb k\u00ebt\u00eb form\u00eb c\u00ebnohet vendimmarrja e tyre e pavarur dhe objektive dhe \u00ebsht\u00eb n\u00eb kufijt\u00eb e shp\u00ebrdorimit t\u00eb detyr\u00ebs q\u00eb mund t\u00eb b\u00ebjn\u00eb prokuror\u00ebt<\/em>\u201d.<\/p>\n<p>Gjyqtar\u00ebt kushtetues jan\u00eb subjekte hetimor\u00eb t\u00eb Prokuroris\u00eb s\u00eb Posa\u00e7me Anti-Korrupsion, bazuar n\u00eb nenin 75 t\u00eb Kodit t\u00eb Procedur\u00ebs Penale.<\/p>\n<p>Hetimi, p\u00ebrfshir\u00eb edhe vendosja n\u00ebn p\u00ebrgjim e tyre, nuk ka nevoj\u00eb p\u00ebr autorizim t\u00eb posa\u00e7\u00ebm, por kryhet nga Prokuroria e Posa\u00e7me kur kan\u00eb indicje dhe prova p\u00ebr p\u00ebrfshirjen e tyre n\u00eb vepra penale.<\/p>\n<p>Kushtetuta, n\u00eb nenin 126 t\u00eb saj, parashikon se \u201c<em>Gjyqtari i Gjykat\u00ebs Kushtetuese g\u00ebzon imunitet p\u00ebr mendimet e shprehura dhe vendimet e marra n\u00eb ushtrim t\u00eb funksioneve t\u00eb tij, p\u00ebrve\u00e7 rasteve kur ai ka vepruar p\u00ebr nj\u00eb interes vetjak ose me keqbesim<\/em>\u201d.<\/p>\n","protected":false},"excerpt":{"rendered":"<p>Nga\u00a0Boldnews.al Ervin Karamu\u00e7o, pedagog dhe ekspert sigurie, deklaroi nj\u00eb dit\u00eb m\u00eb par\u00eb n\u00eb studion e \u201cEuronews Albania\u201d se Prokuroria e Posa\u00e7me ka v\u00ebn\u00eb n\u00eb p\u00ebrgjim an\u00ebtar\u00eb t\u00eb Gjykat\u00ebs Kushtetuese, n\u00ebn dyshimet p\u00ebr abuzim me detyr\u00ebn. Karamu\u00e7o nuk dha m\u00eb shum\u00eb detaje se p\u00ebr \u00e7far\u00eb dhe ndaj kujt ka nisur ky hetim apo p\u00ebrgjimi i supozuar. &hellip;<\/p>\n","protected":false},"author":4,"featured_media":105385,"comment_status":"closed","ping_status":"closed","sticky":false,"template":"","format":"standard","meta":{"footnotes":""},"categories":[37],"tags":[],"class_list":["post-105382","post","type-post","status-publish","format-standard","has-post-thumbnail","","category-politike"],"_links":{"self":[{"href":"https:\/\/rdnews.al\/index.php\/wp-json\/wp\/v2\/posts\/105382","targetHints":{"allow":["GET"]}}],"collection":[{"href":"https:\/\/rdnews.al\/index.php\/wp-json\/wp\/v2\/posts"}],"about":[{"href":"https:\/\/rdnews.al\/index.php\/wp-json\/wp\/v2\/types\/post"}],"author":[{"embeddable":true,"href":"https:\/\/rdnews.al\/index.php\/wp-json\/wp\/v2\/users\/4"}],"replies":[{"embeddable":true,"href":"https:\/\/rdnews.al\/index.php\/wp-json\/wp\/v2\/comments?post=105382"}],"version-history":[{"count":1,"href":"https:\/\/rdnews.al\/index.php\/wp-json\/wp\/v2\/posts\/105382\/revisions"}],"predecessor-version":[{"id":105386,"href":"https:\/\/rdnews.al\/index.php\/wp-json\/wp\/v2\/posts\/105382\/revisions\/105386"}],"wp:featuredmedia":[{"embeddable":true,"href":"https:\/\/rdnews.al\/index.php\/wp-json\/wp\/v2\/media\/105385"}],"wp:attachment":[{"href":"https:\/\/rdnews.al\/index.php\/wp-json\/wp\/v2\/media?parent=105382"}],"wp:term":[{"taxonomy":"category","embeddable":true,"href":"https:\/\/rdnews.al\/index.php\/wp-json\/wp\/v2\/categories?post=105382"},{"taxonomy":"post_tag","embeddable":true,"href":"https:\/\/rdnews.al\/index.php\/wp-json\/wp\/v2\/tags?post=105382"}],"curies":[{"name":"wp","href":"https:\/\/api.w.org\/{rel}","templated":true}]}}