{"id":105392,"date":"2025-02-22T09:42:59","date_gmt":"2025-02-22T09:42:59","guid":{"rendered":"https:\/\/rdnews.al\/?p=105392"},"modified":"2025-02-22T09:42:59","modified_gmt":"2025-02-22T09:42:59","slug":"fundi-me-turp-i-nje-autokrati","status":"publish","type":"post","link":"https:\/\/rdnews.al\/index.php\/2025\/02\/22\/fundi-me-turp-i-nje-autokrati\/","title":{"rendered":"Fundi me turp i nj\u00eb autokrati"},"content":{"rendered":"<p class=\"selectionShareable\"><strong>Nga Irena Beqiraj<\/strong><\/p>\n<p class=\"selectionShareable\">\u00cbsht\u00eb e v\u00ebrtet\u00eb, se lider\u00ebt formohen nga prejardhja edhe p\u00ebrvojat e tyre, sikurse \u00ebsht\u00eb po aq e vertet\u00eb se kultura dhe historia form\u00ebsojn\u00eb sjelljen e kombit ndaj tyre.<\/p>\n<p class=\"selectionShareable\">Por q\u00ebndrimet e fundit t\u00eb Liderit Global t\u00eb Tiran\u00ebs ndaj SPAK,\u00a0 her\u00eb\u00a0 prej k\u00ebrc\u00ebnuesi e her\u00eb prej shp\u00ebtimtari,\u00a0 tregojn\u00eb hapur nj\u00eb element thelb\u00ebsor shum\u00eb t\u00eb r\u00ebnd\u00ebsish\u00ebm, p\u00ebr mbijetes\u00ebn e\u00a0 autokracive personaliste, element i cili shpesh del jasht\u00eb lenteve me t\u00eb cilat jemi m\u00ebsuar t\u00eb analizojm\u00eb lidershipin e Ram\u00ebs .<\/p>\n<p class=\"selectionShareable\">Thelbi q\u00eb anashkalojm\u00eb shpesh n\u00eb analizat tona \u00ebsht\u00eb se regjimet autokratike personaliste , n\u00eb krahasim me\u00a0 autokracit\u00eb\u00a0 e udh\u00ebhequra nga partia apo ushtria , p\u00ebr siguruar jet\u00ebgjatesin\u00eb kan\u00eb\u00a0 nevoj\u00eb t\u00eb pashmangshme p\u00ebr t\u00eb\u00a0 krjuar\u00a0 ekuilibra nga t\u00eb cilat buron edhe\u00a0 fuqia dhe dob\u00ebsia e liderit.<\/p>\n<p class=\"selectionShareable\">K\u00ebto 12 vitet e fundit, Rama ka qen\u00eb i pakrahasuesh\u00ebm p\u00ebr nga pushteti me k\u00ebdo tjet\u00ebr n\u00eb k\u00ebt\u00eb vend, edhe\u00a0 arritja e k\u00ebtij rezulatati\u00a0 ka ardhur\u00a0 me kostot e nj\u00eb ekonomie t\u00eb shtremb\u00ebruar, krijimin e nj\u00eb burokracie jofunksionale , hartimin e\u00a0 politikave jo t\u00eb sh\u00ebndosha, kontrollin\u00a0 mbi mediat\u00a0 dhe dob\u00ebsimin maksimal t\u00eb\u00a0 opozit\u00ebs.<\/p>\n<p class=\"selectionShareable\">\u00a0Centralizmi i pushtetit ne duart e Ram\u00ebs\u00a0 nuk mund t\u00eb realizohej pa dob\u00ebsimin e institucioneve.\u00a0 Por nga ana tjet\u00ebr institucionet e dob\u00ebta ka kan\u00eb v\u00ebshtir\u00ebsuar qeverisjen\u00a0 duke dob\u00ebsuar nj\u00ebherazi edhe sundimin e tij .Rama i ka minuar rregullat, por nuk ka mudur t\u2019i z\u00ebvend\u00ebsoj\u00eb ato me asgj\u00eb tjet\u00ebr. Ndaj atij i \u00ebsht\u00eb dashur gjithmon\u00eb si nj\u00eb artist cirku t\u00eb mbaj\u00eb ekulibrin n\u00eb fijen e holl\u00eb t\u00eb pushtetit duke mbajtur n\u00eb dor\u00eb shkopin e liderit popullor .<\/p>\n<p class=\"selectionShareable\">Besoj t\u00eb gjith\u00eb e kemi v\u00ebn\u00eb re\u00a0 sesi ai p\u00ebrdor nj\u00eb gjuh\u00eb kritike kund\u00ebr Europ\u00ebs p\u00ebr t\u00eb ngacumaur baz\u00ebn , por jo aq shum\u00eb sa t\u00eb p\u00ebrfshihet n\u00eb nj\u00eb konflikt me t\u00eb;\u00a0 sesi ai p\u00ebrdor korrupsionin p\u00ebr t\u00eb shp\u00ebrblyer miqt\u00eb, edhe\u00a0 p\u00ebr t\u00eb bler\u00eb mb\u00ebshtetje jasht\u00eb e brenda vendit\u00a0 por jo aq sa ekonomia t\u00eb shembet;\u00a0 sesi manipulon lajmet, por jo aq sa njer\u00ebzit t\u00eb fikin televizorin ; sesi i blen mendiat por pa i shkat\u00ebrruar p\u00ebrfundimisht ato, pasi\u00a0 atij nuk i\u00a0 duhet nj\u00eb media plot\u00ebsisht e pabesueshme nga publiku ; sesi shtyp kund\u00ebrshtar\u00ebt politik\u00eb, por jo aq shum\u00eb sa t\u00eb shkaktojn\u00eb reagime; Sesi shfaqet si mb\u00ebshtet\u00ebsi dhe reformatori i vazhdush\u00ebm i\u00a0 drejtesis\u00eb por sigurohet me an\u00eb t\u00eb Komisioneve Antikorrupsion q\u00eb institucionet te drejt\u00ebsis\u00eb t\u00eb \u00a0mos t\u00eb forcohen pasi b\u00ebhen rrezik t\u00eb kthehet kund\u00ebr tij .<\/p>\n<p class=\"selectionShareable\">Rama si t\u00eb gjith\u00eb autokrat\u00ebt gjat\u00eb mbajtjes s\u00eb pushtetit \u00ebsht\u00eb p\u00ebrballur me dy k\u00ebrc\u00ebnime kryesore. Ai mund t\u00eb rr\u00ebzohej nga bashkimi i elit\u00ebs ose mund t\u00eb rr\u00ebzohej nga nj\u00eb revolt\u00eb masive .<\/p>\n<p class=\"selectionShareable\">N\u00eb zbutjen e k\u00ebtyre k\u00ebrc\u00ebnimeve Rama ka krijuar\u00a0 p\u00ebrceptimin e \u201cliderit popullor\u201d . Pik\u00ebrisht krijimi i p\u00ebrceptimit t\u00eb popllaritetit masiv ka krijuar m\u00eb pak gjasa t\u00eb q\u00eb n\u00ebjrzit t\u00eb dalin n\u00eb rrug\u00eb dhe elitat t\u00eb bashkohen p\u00ebr ta rr\u00ebzuar at\u00eb.\u00a0 Sepse n\u00eb momentin q\u00eb\u00a0 lideri p\u00ebrceptohet si popullor cdo p\u00ebrpjekje p\u00ebr ta r\u00ebzuar ka m\u00eb pak gjasa t\u00eb jet\u00eb e sukseshme. Ndaj q\u00eb nga mandati i dyt\u00eb e k\u00ebtej e kemi par\u00eb Ram\u00ebn t\u00eb\u00a0 shfaqet duke k\u00ebnduar tallava e duke k\u00ebrcy\u00ebr si arusha Silva . M\u00eb shum\u00eb sesa n\u00eb Kuvend e mbedhje qeverie e kemi par\u00eb duke bashk\u00ebbiseduar \u201cgju me gju\u201d e \u201csy me sy\u201d\u00a0 me popullin .<\/p>\n<p class=\"selectionShareable\">E kemi par\u00eb t\u00eb\u00a0 distancohet nga lajmet e k\u00ebqija duke i l\u00ebn\u00eb vart\u00ebsit e tij t\u00eb thithin zem\u00ebrimin e publikut dhe t\u00eb luftojn\u00eb mes tyre.<\/p>\n<p class=\"selectionShareable\">Por p\u00ebr fatin e tij te keq\u00a0 historia ka treguar se ka disa ngjarje q\u00eb shkaktojn\u00eb r\u00ebnien e popullaritetit edhe mbajtjen e ekulibrave t\u00eb pamudnur p\u00ebr autokrat\u00ebt personalist\u00eb .<\/p>\n<p class=\"selectionShareable\">Edhe arrestimi i par\u00eb i nj\u00eb zyrtari t\u00eb lart\u00eb n\u00eb detyr\u00eb dhe figur\u00ebs s\u00eb dyt\u00eb m\u00eb t\u00eb r\u00ebnd\u00ebsishme t\u00eb\u00a0 partis\u00eb socialiste\u00a0 \u00ebsht\u00eb nga ato \u00a0lloj ngjarje q\u00eb i b\u00ebn zgjedhjet mjaft t\u00eb rrezikshme p\u00ebr pushtetin e Ram\u00ebs.<\/p>\n<p class=\"selectionShareable\">Sot nuk ka nj\u00eb frymor n\u00eb rrethin e tij t\u00eb ngusht\u00eb,\u00a0 apo q\u00eb\u00a0 ka lidhur t\u00eb ardhmen politike me t\u00eb q\u00eb nuk i kupton rreziqet e humbjes s\u00eb tij. Kjo kuptueshm\u00ebri agrvon ne ket\u00eb moment te keq\u00a0 konfliket e brend\u00ebshme\u00a0 duke e dob\u00ebsuar edhe m\u00eb tej pushtetit e tij\u00a0 .<\/p>\n<p class=\"selectionShareable\">Po ashtu p\u00ebr fatin e tij te keq q\u00eb prej 1954 historia ka tregur se largimi nga pushteti I\u00a0 autokrat\u00ebve personalist\u00eb t\u00eb tipit Rama, priret t\u00eb jet\u00eb shum\u00eb m\u00eb i sh\u00ebmtuar sesa largimi i diktator\u00ebve\u00a0 t\u00eb tipit Hoxha.\u00a0 rreth 80% e autokrat\u00ebve p\u00ebrsonalist\u00eb kan\u00eb p\u00ebrfunduar ose t\u00eb vdekur n\u00eb burg ose n\u00eb internim.<\/p>\n<p class=\"selectionShareable\">Me syt\u00eb e zgurdullaur, duke nxjerr\u00eb duf e mllef me fjalorin vulgar ,\u00a0 \u201cLideri Global i Tiran\u00ebs\u201d po tregon se esht\u00eb\u00a0 n\u00eb gjendjen m\u00eb t\u00eb keqe edhe\u00a0 dobesin\u00eb q\u00eb fshihej pas forc\u00ebs s\u00eb tij .<\/p>\n<p class=\"selectionShareable\">Nga data 10 shkurt e k\u00ebtej eshte e qart\u00eb p\u00ebr cdo mik e armik te tij, se ai e ka t\u00eb pashmangshme ndarjen me turp\u00a0 nga pushteti kurdo q\u00eb kjo t\u00eb ndodh\u00eb. Po ashtu ikja e tij do t\u00eb l\u00ebr mbrapa nj\u00eb shtet te r\u00ebnuar edhe\u00a0 nj\u00eb g\u00ebrmadh\u00eb q\u00eb quhet partia socialiste .<\/p>\n<p class=\"selectionShareable\">Por uroj te mos harrojm\u00eb edhe\u00a0 m\u00ebsimin se nuk ka\u00a0 fund tjet\u00ebr p\u00ebr\u00a0 cdo lider t\u00eb fort\u00eb dhe nj\u00ebkoh\u00ebsisht t\u00eb dob\u00ebt.<\/p>\n","protected":false},"excerpt":{"rendered":"<p>Nga Irena Beqiraj \u00cbsht\u00eb e v\u00ebrtet\u00eb, se lider\u00ebt formohen nga prejardhja edhe p\u00ebrvojat e tyre, sikurse \u00ebsht\u00eb po aq e vertet\u00eb se kultura dhe historia form\u00ebsojn\u00eb sjelljen e kombit ndaj tyre. Por q\u00ebndrimet e fundit t\u00eb Liderit Global t\u00eb Tiran\u00ebs ndaj SPAK,\u00a0 her\u00eb\u00a0 prej k\u00ebrc\u00ebnuesi e her\u00eb prej shp\u00ebtimtari,\u00a0 tregojn\u00eb hapur nj\u00eb element thelb\u00ebsor shum\u00eb &hellip;<\/p>\n","protected":false},"author":3,"featured_media":105395,"comment_status":"closed","ping_status":"closed","sticky":false,"template":"","format":"standard","meta":{"footnotes":""},"categories":[37],"tags":[],"class_list":["post-105392","post","type-post","status-publish","format-standard","has-post-thumbnail","","category-politike"],"_links":{"self":[{"href":"https:\/\/rdnews.al\/index.php\/wp-json\/wp\/v2\/posts\/105392","targetHints":{"allow":["GET"]}}],"collection":[{"href":"https:\/\/rdnews.al\/index.php\/wp-json\/wp\/v2\/posts"}],"about":[{"href":"https:\/\/rdnews.al\/index.php\/wp-json\/wp\/v2\/types\/post"}],"author":[{"embeddable":true,"href":"https:\/\/rdnews.al\/index.php\/wp-json\/wp\/v2\/users\/3"}],"replies":[{"embeddable":true,"href":"https:\/\/rdnews.al\/index.php\/wp-json\/wp\/v2\/comments?post=105392"}],"version-history":[{"count":1,"href":"https:\/\/rdnews.al\/index.php\/wp-json\/wp\/v2\/posts\/105392\/revisions"}],"predecessor-version":[{"id":105396,"href":"https:\/\/rdnews.al\/index.php\/wp-json\/wp\/v2\/posts\/105392\/revisions\/105396"}],"wp:featuredmedia":[{"embeddable":true,"href":"https:\/\/rdnews.al\/index.php\/wp-json\/wp\/v2\/media\/105395"}],"wp:attachment":[{"href":"https:\/\/rdnews.al\/index.php\/wp-json\/wp\/v2\/media?parent=105392"}],"wp:term":[{"taxonomy":"category","embeddable":true,"href":"https:\/\/rdnews.al\/index.php\/wp-json\/wp\/v2\/categories?post=105392"},{"taxonomy":"post_tag","embeddable":true,"href":"https:\/\/rdnews.al\/index.php\/wp-json\/wp\/v2\/tags?post=105392"}],"curies":[{"name":"wp","href":"https:\/\/api.w.org\/{rel}","templated":true}]}}