{"id":105405,"date":"2025-02-22T13:48:23","date_gmt":"2025-02-22T13:48:23","guid":{"rendered":"https:\/\/rdnews.al\/?p=105405"},"modified":"2025-02-22T13:48:27","modified_gmt":"2025-02-22T13:48:27","slug":"berisha-pritje-entuziaste-nga-emigrantet-ne-parma-te-italise","status":"publish","type":"post","link":"https:\/\/rdnews.al\/index.php\/2025\/02\/22\/berisha-pritje-entuziaste-nga-emigrantet-ne-parma-te-italise\/","title":{"rendered":"Berisha, pritje entuziaste nga emigrant\u00ebt n\u00eb Parma t\u00eb Italis\u00eb"},"content":{"rendered":"<div id=\"rekl-49\">Lideri i Partis\u00eb Demokratike, Sali Berisha \u00ebsht\u00eb pritur n\u00eb Parma t\u00eb Italis\u00eb, nga emigrant\u00ebt shqiptar\u00eb q\u00eb jetojn\u00eb aty prej vitesh.<\/div>\n<div class=\"readmore-text-here\">\n<p>Ata pritet t\u00eb jen\u00eb pjes\u00eb edhe n\u00eb takimin q\u00eb do t\u00eb zhvillohet n\u00eb or\u00ebn 15:00, nd\u00ebrsa m\u00eb her\u00eb \u00ebsht\u00eb njoftuar edhe nga PD.<\/p>\n<p>N\u00eb takimin me diaspor\u00ebn, Berisha shoq\u00ebrohet nga Sekretari i P\u00ebrgjithsh\u00ebm i PD, por edhe emra t\u00eb tjer\u00eb t\u00eb njohur t\u00eb partis\u00eb.<\/p>\n<p><iframe loading=\"lazy\" src=\"https:\/\/www.facebook.com\/plugins\/video.php?height=316&amp;href=https%3A%2F%2Fwww.facebook.com%2FSaliBerisha%2Fvideos%2F1359712041695414%2F&amp;show_text=false&amp;width=560&amp;t=0\" width=\"560\" height=\"316\" frameborder=\"0\" scrolling=\"no\" allowfullscreen=\"allowfullscreen\" data-mce-fragment=\"1\"><\/iframe><\/p>\n<\/div>\n","protected":false},"excerpt":{"rendered":"<p>Lideri i Partis\u00eb Demokratike, Sali Berisha \u00ebsht\u00eb pritur n\u00eb Parma t\u00eb Italis\u00eb, nga emigrant\u00ebt shqiptar\u00eb q\u00eb jetojn\u00eb aty prej vitesh. Ata pritet t\u00eb jen\u00eb pjes\u00eb edhe n\u00eb takimin q\u00eb do t\u00eb zhvillohet n\u00eb or\u00ebn 15:00, nd\u00ebrsa m\u00eb her\u00eb \u00ebsht\u00eb njoftuar edhe nga PD. N\u00eb takimin me diaspor\u00ebn, Berisha shoq\u00ebrohet nga Sekretari i P\u00ebrgjithsh\u00ebm i PD, &hellip;<\/p>\n","protected":false},"author":4,"featured_media":105406,"comment_status":"closed","ping_status":"closed","sticky":false,"template":"","format":"standard","meta":{"footnotes":""},"categories":[37],"tags":[],"class_list":["post-105405","post","type-post","status-publish","format-standard","has-post-thumbnail","","category-politike"],"_links":{"self":[{"href":"https:\/\/rdnews.al\/index.php\/wp-json\/wp\/v2\/posts\/105405","targetHints":{"allow":["GET"]}}],"collection":[{"href":"https:\/\/rdnews.al\/index.php\/wp-json\/wp\/v2\/posts"}],"about":[{"href":"https:\/\/rdnews.al\/index.php\/wp-json\/wp\/v2\/types\/post"}],"author":[{"embeddable":true,"href":"https:\/\/rdnews.al\/index.php\/wp-json\/wp\/v2\/users\/4"}],"replies":[{"embeddable":true,"href":"https:\/\/rdnews.al\/index.php\/wp-json\/wp\/v2\/comments?post=105405"}],"version-history":[{"count":1,"href":"https:\/\/rdnews.al\/index.php\/wp-json\/wp\/v2\/posts\/105405\/revisions"}],"predecessor-version":[{"id":105407,"href":"https:\/\/rdnews.al\/index.php\/wp-json\/wp\/v2\/posts\/105405\/revisions\/105407"}],"wp:featuredmedia":[{"embeddable":true,"href":"https:\/\/rdnews.al\/index.php\/wp-json\/wp\/v2\/media\/105406"}],"wp:attachment":[{"href":"https:\/\/rdnews.al\/index.php\/wp-json\/wp\/v2\/media?parent=105405"}],"wp:term":[{"taxonomy":"category","embeddable":true,"href":"https:\/\/rdnews.al\/index.php\/wp-json\/wp\/v2\/categories?post=105405"},{"taxonomy":"post_tag","embeddable":true,"href":"https:\/\/rdnews.al\/index.php\/wp-json\/wp\/v2\/tags?post=105405"}],"curies":[{"name":"wp","href":"https:\/\/api.w.org\/{rel}","templated":true}]}}