{"id":105408,"date":"2025-02-22T15:10:32","date_gmt":"2025-02-22T15:10:32","guid":{"rendered":"https:\/\/rdnews.al\/?p=105408"},"modified":"2025-02-22T15:15:17","modified_gmt":"2025-02-22T15:15:17","slug":"takim-madheshtor-i-berishes-me-emigrantet-ne-parma","status":"publish","type":"post","link":"https:\/\/rdnews.al\/index.php\/2025\/02\/22\/takim-madheshtor-i-berishes-me-emigrantet-ne-parma\/","title":{"rendered":"Takim madh\u00ebshtor i Berish\u00ebs me emigrant\u00ebt n\u00eb Parma"},"content":{"rendered":"<p>Mij\u00ebra emigrant\u00eb i janv bashkuar sot takimit t\u00eb Kryetarit t\u00eb PD, Berisha me emigrantet n\u00eb Parma.<\/p>\n<p>Salla nuk i mbante dot t\u00eb pranishmit dhe shum\u00eb emigrant\u00eb jan\u00eb detyruar q\u00eb ta ndjekim takimin nga jasht\u00eb sall\u00ebs. Ovacionet n\u00eb takim kan\u00eb qen\u00eb t\u00eb zjarrta p\u00ebrgjat\u00eb gjith\u00eb koh\u00ebs q\u00eb nga nisja e takimit.<\/p>\n","protected":false},"excerpt":{"rendered":"<p>Mij\u00ebra emigrant\u00eb i janv bashkuar sot takimit t\u00eb Kryetarit t\u00eb PD, Berisha me emigrantet n\u00eb Parma. Salla nuk i mbante dot t\u00eb pranishmit dhe shum\u00eb emigrant\u00eb jan\u00eb detyruar q\u00eb ta ndjekim takimin nga jasht\u00eb sall\u00ebs. Ovacionet n\u00eb takim kan\u00eb qen\u00eb t\u00eb zjarrta p\u00ebrgjat\u00eb gjith\u00eb koh\u00ebs q\u00eb nga nisja e takimit.<\/p>\n","protected":false},"author":3,"featured_media":105409,"comment_status":"closed","ping_status":"closed","sticky":false,"template":"","format":"standard","meta":{"footnotes":""},"categories":[37],"tags":[],"class_list":["post-105408","post","type-post","status-publish","format-standard","has-post-thumbnail","","category-politike"],"_links":{"self":[{"href":"https:\/\/rdnews.al\/index.php\/wp-json\/wp\/v2\/posts\/105408","targetHints":{"allow":["GET"]}}],"collection":[{"href":"https:\/\/rdnews.al\/index.php\/wp-json\/wp\/v2\/posts"}],"about":[{"href":"https:\/\/rdnews.al\/index.php\/wp-json\/wp\/v2\/types\/post"}],"author":[{"embeddable":true,"href":"https:\/\/rdnews.al\/index.php\/wp-json\/wp\/v2\/users\/3"}],"replies":[{"embeddable":true,"href":"https:\/\/rdnews.al\/index.php\/wp-json\/wp\/v2\/comments?post=105408"}],"version-history":[{"count":2,"href":"https:\/\/rdnews.al\/index.php\/wp-json\/wp\/v2\/posts\/105408\/revisions"}],"predecessor-version":[{"id":105411,"href":"https:\/\/rdnews.al\/index.php\/wp-json\/wp\/v2\/posts\/105408\/revisions\/105411"}],"wp:featuredmedia":[{"embeddable":true,"href":"https:\/\/rdnews.al\/index.php\/wp-json\/wp\/v2\/media\/105409"}],"wp:attachment":[{"href":"https:\/\/rdnews.al\/index.php\/wp-json\/wp\/v2\/media?parent=105408"}],"wp:term":[{"taxonomy":"category","embeddable":true,"href":"https:\/\/rdnews.al\/index.php\/wp-json\/wp\/v2\/categories?post=105408"},{"taxonomy":"post_tag","embeddable":true,"href":"https:\/\/rdnews.al\/index.php\/wp-json\/wp\/v2\/tags?post=105408"}],"curies":[{"name":"wp","href":"https:\/\/api.w.org\/{rel}","templated":true}]}}