{"id":105412,"date":"2025-02-22T16:28:59","date_gmt":"2025-02-22T16:28:59","guid":{"rendered":"https:\/\/rdnews.al\/?p=105412"},"modified":"2025-02-22T16:28:59","modified_gmt":"2025-02-22T16:28:59","slug":"berisha-emigranteve-ju-keni-farketuar-miqesine-mes-shqiperise-dhe-italise","status":"publish","type":"post","link":"https:\/\/rdnews.al\/index.php\/2025\/02\/22\/berisha-emigranteve-ju-keni-farketuar-miqesine-mes-shqiperise-dhe-italise\/","title":{"rendered":"Berisha-emigrant\u00ebve: Ju keni fark\u00ebtuar miq\u00ebsin\u00eb mes Shqip\u00ebris\u00eb dhe Italis\u00eb"},"content":{"rendered":"<p>Liderti i\u00a0opozit\u00ebs, Sali Berisha n\u00eb takimin me bashk\u00ebatdhetar\u00ebt n\u00eb Parma t\u00eb Italis\u00eb, iu drejtua atyre duke th\u00ebn\u00eb se ishin ata q\u00eb fark\u00ebtuan miq\u00ebsin\u00eb mes Shqip\u00ebris\u00eb dhe Italis\u00eb.<\/p>\n<p>Berisha theksoi se sot \u00ebsht\u00eb krenari e madhe t\u00eb shoh\u00ebsh k\u00ebt\u00eb miq\u00ebsi midis kombeve dhe vendeve tona, nd\u00ebrsa shprehu mir\u00ebnjohjen ndaj t\u00eb gjith\u00eb shqiptar\u00ebve n\u00eb k\u00ebt\u00eb gadishull, t\u00eb cil\u00ebt u shnd\u00ebrruan dhe u provuan si qytetar\u00eb t\u00eb ndersh\u00ebm, pun\u00ebtor\u00eb, t\u00eb aft\u00eb, t\u00eb zot\u00eb.<\/p>\n<p>\u201cT\u00eb dashur bashk\u00ebatdhetare e bashk\u00ebatdhetar\u00eb.<\/p>\n<p>T\u00eb nderuar drejtues t\u00eb PD t\u00eb Shqip\u00ebris\u00eb, t\u00eb Parm\u00ebs, t\u00eb Rom\u00ebs.<\/p>\n<p>I nderuar zoti n\u00ebnkryetar i Bashkis\u00eb s\u00eb Parm\u00ebs, mik i shqiptar\u00ebve.<\/p>\n<p>I dashur zoti Shpend Ndreu.<\/p>\n<p>Zonja e zot\u00ebrinj, mir\u00ebnjohjen time m\u00eb t\u00eb pakufishme, p\u00ebrsh\u00ebndetjet m\u00eb miq\u00ebsore p\u00ebr k\u00ebt\u00eb pritje t\u00eb zjarrt\u00eb, p\u00ebr ju n\u00eb k\u00ebt\u00eb sall\u00eb, p\u00ebr ata q\u00ebjan\u00eb jasht\u00eb, p\u00ebr shqiptar\u00ebt n\u00eb Itali, p\u00ebr miqt\u00eb tuaj italian\u00eb kudo q\u00eb ndodhen sot.<\/p>\n<p>Faleminderit shum\u00eb p\u00ebr k\u00ebt\u00eb pritje t\u00eb zjarrt\u00eb.<\/p>\n<p>Me k\u00ebt\u00eb rast shpreh nj\u00eb mir\u00ebnjohje t\u00eb pakufishme p\u00ebr kombin e madh italian, nj\u00eb komb q\u00eb \u00ebsht\u00eb provuar mik i vjet\u00ebr, mik i shqiptar\u00ebve dhe i Shqip\u00ebris\u00eb.<\/p>\n<p>Historia e miq\u00ebsis\u00eb mes vendeve tona \u00ebsht\u00eb frym\u00ebzuese dhe e rrall\u00eb.<\/p>\n<p>Ajo daton 500 vite m\u00eb par\u00eb me pritjen n\u00eb Itali t\u00eb arb\u00ebresh\u00ebve dhe vazhdon pa rreshtur.<\/p>\n<p>Sot ju jeni fark\u00ebtuesit e miq\u00ebsis\u00eb, e bashk\u00ebpunimit, e afrimit t\u00eb dy kombeve dhe dy vendeve tona, jeni ambasador\u00eb t\u00eb shk\u00eblqyer t\u00eb kombit shqiptar n\u00eb Shqip\u00ebri.<\/p>\n<p>Sot ne kujtojm\u00eb t\u00eb gjith\u00eb kur shqiptar\u00ebt e sapo\u00e7liruar nga nata e zez\u00eb e gjat\u00eb e diktatur\u00ebs staliniste, u dynd\u00ebn, v\u00ebrshuan drejt k\u00ebtij vendi.<\/p>\n<p>Por edhe n\u00eb ato koh\u00ebra, kur ekzistonin paragjykime, ekzistonin stereotipe p\u00ebr nj\u00eb popull refugjat\u00ebsh, p\u00ebrs\u00ebri miq t\u00eb shquar, burra t\u00eb shquar t\u00eb k\u00ebtij kombi, italiani i shquar Xhorxhio Napolitano, italiani i madh Silvio Berluskoni, qindra e mij\u00ebra qytetar\u00eb fisnik\u00eb italian\u00eb q\u00ebndruan n\u00eb an\u00ebn tuaj, iu dhan\u00eb krah\u00eb, iu dhan\u00eb mb\u00ebshtetje dhe nd\u00ebrtuat n\u00eb k\u00ebt\u00eb vend jet\u00ebn dhe t\u00eb ardhmen tuaj.<\/p>\n<p>Zoti e bekoft\u00eb kombin italian, zoti e bekoft\u00eb Italin\u00eb.<\/p>\n<p>Sot \u00ebsht\u00eb krenari e madhe t\u00eb shoh\u00ebsh k\u00ebt\u00eb miq\u00ebsi midis kombeve dhe vendeve tona, prandaj dhe kam nj\u00eb fal\u00ebnderim, nj\u00eb mir\u00ebnjohje t\u00eb pakufishme ndaj jush, ndaj t\u00eb gjith\u00eb shqiptar\u00ebve n\u00eb k\u00ebt\u00eb gadishull, t\u00eb cil\u00ebt erdh\u00ebn refugjat\u00eb n\u00eb m\u00ebnyra nga m\u00eb t\u00eb ndryshmet, por n\u00eb k\u00ebt\u00eb tok\u00eb dhe n\u00eb k\u00ebt\u00eb vend u shnd\u00ebrruan dhe u provuan si qytetar\u00eb t\u00eb ndersh\u00ebm, pun\u00ebtor\u00eb, t\u00eb aft\u00eb, t\u00eb zot\u00eb. U shkolluan inxhinier\u00eb, mjek\u00eb, shkenc\u00ebtar\u00eb, akademik\u00eb, student\u00eb, artist\u00eb, piktor\u00eb, k\u00ebng\u00ebtar\u00eb, krenari e Shqip\u00ebris\u00eb, por edhe krenari e Italis\u00eb.<\/p>\n<p>Ju keni nderuar familjet, keni nderuar kombin dhe flamurin tuaj\u201d, u shpreh Berisha.<\/p>\n","protected":false},"excerpt":{"rendered":"<p>Liderti i\u00a0opozit\u00ebs, Sali Berisha n\u00eb takimin me bashk\u00ebatdhetar\u00ebt n\u00eb Parma t\u00eb Italis\u00eb, iu drejtua atyre duke th\u00ebn\u00eb se ishin ata q\u00eb fark\u00ebtuan miq\u00ebsin\u00eb mes Shqip\u00ebris\u00eb dhe Italis\u00eb. Berisha theksoi se sot \u00ebsht\u00eb krenari e madhe t\u00eb shoh\u00ebsh k\u00ebt\u00eb miq\u00ebsi midis kombeve dhe vendeve tona, nd\u00ebrsa shprehu mir\u00ebnjohjen ndaj t\u00eb gjith\u00eb shqiptar\u00ebve n\u00eb k\u00ebt\u00eb gadishull, t\u00eb &hellip;<\/p>\n","protected":false},"author":4,"featured_media":105413,"comment_status":"closed","ping_status":"closed","sticky":false,"template":"","format":"standard","meta":{"footnotes":""},"categories":[37],"tags":[],"class_list":["post-105412","post","type-post","status-publish","format-standard","has-post-thumbnail","","category-politike"],"_links":{"self":[{"href":"https:\/\/rdnews.al\/index.php\/wp-json\/wp\/v2\/posts\/105412","targetHints":{"allow":["GET"]}}],"collection":[{"href":"https:\/\/rdnews.al\/index.php\/wp-json\/wp\/v2\/posts"}],"about":[{"href":"https:\/\/rdnews.al\/index.php\/wp-json\/wp\/v2\/types\/post"}],"author":[{"embeddable":true,"href":"https:\/\/rdnews.al\/index.php\/wp-json\/wp\/v2\/users\/4"}],"replies":[{"embeddable":true,"href":"https:\/\/rdnews.al\/index.php\/wp-json\/wp\/v2\/comments?post=105412"}],"version-history":[{"count":1,"href":"https:\/\/rdnews.al\/index.php\/wp-json\/wp\/v2\/posts\/105412\/revisions"}],"predecessor-version":[{"id":105414,"href":"https:\/\/rdnews.al\/index.php\/wp-json\/wp\/v2\/posts\/105412\/revisions\/105414"}],"wp:featuredmedia":[{"embeddable":true,"href":"https:\/\/rdnews.al\/index.php\/wp-json\/wp\/v2\/media\/105413"}],"wp:attachment":[{"href":"https:\/\/rdnews.al\/index.php\/wp-json\/wp\/v2\/media?parent=105412"}],"wp:term":[{"taxonomy":"category","embeddable":true,"href":"https:\/\/rdnews.al\/index.php\/wp-json\/wp\/v2\/categories?post=105412"},{"taxonomy":"post_tag","embeddable":true,"href":"https:\/\/rdnews.al\/index.php\/wp-json\/wp\/v2\/tags?post=105412"}],"curies":[{"name":"wp","href":"https:\/\/api.w.org\/{rel}","templated":true}]}}