{"id":105415,"date":"2025-02-22T16:33:24","date_gmt":"2025-02-22T16:33:24","guid":{"rendered":"https:\/\/rdnews.al\/?p=105415"},"modified":"2025-02-22T16:33:24","modified_gmt":"2025-02-22T16:33:24","slug":"berisha-keto-takime-entuziaste-tregojne-se-ne-do-firmosim-permbysjen-e-narkoshtetit","status":"publish","type":"post","link":"https:\/\/rdnews.al\/index.php\/2025\/02\/22\/berisha-keto-takime-entuziaste-tregojne-se-ne-do-firmosim-permbysjen-e-narkoshtetit\/","title":{"rendered":"Berisha: K\u00ebto takime entuziaste tregojn\u00eb se ne do firmosim p\u00ebrmbysjen e narkoshtetit!"},"content":{"rendered":"<p>Nj\u00eb takim madh\u00ebshtor ka zhvilluar opozita shqiptare n\u00eb Parma t\u00eb Italis\u00eb. Kreu demokrat Berisha tha gjat\u00eb fjal\u00ebs s\u00eb tij se, k\u00ebto takime po firmosin shp\u00ebtimin e Shqip\u00ebris\u00eb.<\/p>\n<p>\u201cMiq, ky \u00ebsht\u00eb takimi im i dyt\u00eb me diaspor\u00ebn, t\u00eb parin e zhvillova n\u00eb Rom\u00eb, t\u00eb dytin n\u00eb Parma.<\/p>\n<p>Por k\u00ebto takime provohen t\u00eb nj\u00eb r\u00ebnd\u00ebsie t\u00eb jasht\u00ebzakonshme.<\/p>\n<p>K\u00ebto takime po firmosin shp\u00ebtimin e Shqip\u00ebris\u00eb.<\/p>\n<p>Po firmosin p\u00ebrmbysjen e narkoshtetit.<\/p>\n<p>Kjo sepse jo vet\u00ebm se vota juaj \u00ebsht\u00eb sot m\u00eb e \u00e7muar se kurr\u00eb n\u00eb historin\u00eb e Shqip\u00ebris\u00eb, por sepse optimizmi, entuziazmi, energjia e k\u00ebtyre takimeve e papar\u00eb q\u00eb nga viti 1990 po \u00e7on pesh\u00eb zemrat e shqiptar\u00ebve n\u00eb Shqip\u00ebri dhe kudo n\u00eb bot\u00eb.<\/p>\n<p>T\u00eb dashur miq, k\u00ebto takime, ky entuziaz\u00ebm, kjo energji po bind \u00e7do qytetar se ne po kthehemi fuqish\u00ebm p\u00ebr t\u00eb mir\u00ebn e mbar\u00eb shqiptar\u00ebve, p\u00ebr t\u00eb mir\u00ebn e Shqip\u00ebris\u00eb, t\u00eb miqve t\u00eb saj.<\/p>\n<p>Vet\u00ebm dy jav\u00eb kan\u00eb kaluar nga takimi n\u00eb Rom\u00eb.<\/p>\n<p>Dy jav\u00eb me zhvillime sa dy apo pes\u00eb vite.<\/p>\n<p>Me zhvillime t\u00eb m\u00ebdha q\u00eb kan\u00eb dridhur themelet e narkoshtetit, q\u00eb po fusin narkoshtetin n\u00eb vdekje klinike, n\u00eb koma.<\/p>\n<p>Po, miqt\u00eb e mi.<\/p>\n<p>N\u00eb takimin tim n\u00eb Rom\u00eb, un\u00eb u thash\u00eb shqiptar\u00ebve se Edi Rama \u00ebsht\u00eb rreziku m\u00eb i madh komb\u00ebtar p\u00ebr shqiptar\u00ebt.<\/p>\n<p>Se Edi Rama \u00ebsht\u00eb \u00c7ubrillovi\u00e7i shqipfol\u00ebs.<\/p>\n<p>Se Edi Rama ka nd\u00ebrtuar narkoshtetin e par\u00eb dhe t\u00eb vet\u00ebm n\u00eb Europ\u00eb.<\/p>\n<p>T\u00eb dashur miq, vet\u00ebm 5 dit\u00eb nga ai takim, n\u00eb Mynih, z\u00ebvend\u00ebspresidenti i SHBA, do ia plaste n\u00eb fytyr\u00eb tiranit, do i thoshte Europ\u00ebs se problemi yn\u00eb \u00ebsht\u00eb persekutimi, arrestimi i lider\u00ebve t\u00eb opozit\u00ebs.<\/p>\n<p>P\u00ebrpjekja p\u00ebr t\u00eb marr\u00eb mandate duke arrestuar lider\u00eb t\u00eb opozit\u00ebs.<\/p>\n<p>Censura.<\/p>\n<p>A kishte n\u00eb at\u00eb sall\u00eb ndonj\u00eb lider, i cili kishte arrestuar tre lider\u00eb t\u00eb opozit\u00ebs si Edi Rama? Asnj\u00eb tjet\u00ebr, asnj\u00eb t\u00eb vet\u00ebm.<\/p>\n<p>A kishte n\u00eb sall\u00eb njeri q\u00eb kishte marr\u00eb vendim p\u00ebr t\u00eb censuruar mjetin m\u00eb t\u00eb fuqish\u00ebm t\u00eb komunikimit t\u00eb koh\u00ebs, TikTokun? Vet\u00ebm se rinia shqiptare nuk i ndahej me TikTokun nga m\u00ebngjesi gjer n\u00eb dark\u00eb kund\u00ebr tij.<\/p>\n<p>A kishte n\u00eb sall\u00eb ndonj\u00eb lider q\u00eb kishte futur n\u00eb dor\u00eb t\u00eb gjitha mediat kryesore dhe i kishte shnd\u00ebrruar si organe t\u00eb zyr\u00ebs s\u00eb tij? Jo, asnj\u00eb\u201d, tha Berisha.<\/p>\n","protected":false},"excerpt":{"rendered":"<p>Nj\u00eb takim madh\u00ebshtor ka zhvilluar opozita shqiptare n\u00eb Parma t\u00eb Italis\u00eb. Kreu demokrat Berisha tha gjat\u00eb fjal\u00ebs s\u00eb tij se, k\u00ebto takime po firmosin shp\u00ebtimin e Shqip\u00ebris\u00eb. \u201cMiq, ky \u00ebsht\u00eb takimi im i dyt\u00eb me diaspor\u00ebn, t\u00eb parin e zhvillova n\u00eb Rom\u00eb, t\u00eb dytin n\u00eb Parma. Por k\u00ebto takime provohen t\u00eb nj\u00eb r\u00ebnd\u00ebsie t\u00eb jasht\u00ebzakonshme. &hellip;<\/p>\n","protected":false},"author":4,"featured_media":105416,"comment_status":"closed","ping_status":"closed","sticky":false,"template":"","format":"standard","meta":{"footnotes":""},"categories":[37],"tags":[],"class_list":["post-105415","post","type-post","status-publish","format-standard","has-post-thumbnail","","category-politike"],"_links":{"self":[{"href":"https:\/\/rdnews.al\/index.php\/wp-json\/wp\/v2\/posts\/105415","targetHints":{"allow":["GET"]}}],"collection":[{"href":"https:\/\/rdnews.al\/index.php\/wp-json\/wp\/v2\/posts"}],"about":[{"href":"https:\/\/rdnews.al\/index.php\/wp-json\/wp\/v2\/types\/post"}],"author":[{"embeddable":true,"href":"https:\/\/rdnews.al\/index.php\/wp-json\/wp\/v2\/users\/4"}],"replies":[{"embeddable":true,"href":"https:\/\/rdnews.al\/index.php\/wp-json\/wp\/v2\/comments?post=105415"}],"version-history":[{"count":1,"href":"https:\/\/rdnews.al\/index.php\/wp-json\/wp\/v2\/posts\/105415\/revisions"}],"predecessor-version":[{"id":105417,"href":"https:\/\/rdnews.al\/index.php\/wp-json\/wp\/v2\/posts\/105415\/revisions\/105417"}],"wp:featuredmedia":[{"embeddable":true,"href":"https:\/\/rdnews.al\/index.php\/wp-json\/wp\/v2\/media\/105416"}],"wp:attachment":[{"href":"https:\/\/rdnews.al\/index.php\/wp-json\/wp\/v2\/media?parent=105415"}],"wp:term":[{"taxonomy":"category","embeddable":true,"href":"https:\/\/rdnews.al\/index.php\/wp-json\/wp\/v2\/categories?post=105415"},{"taxonomy":"post_tag","embeddable":true,"href":"https:\/\/rdnews.al\/index.php\/wp-json\/wp\/v2\/tags?post=105415"}],"curies":[{"name":"wp","href":"https:\/\/api.w.org\/{rel}","templated":true}]}}