{"id":105418,"date":"2025-02-22T16:38:49","date_gmt":"2025-02-22T16:38:49","guid":{"rendered":"https:\/\/rdnews.al\/?p=105418"},"modified":"2025-02-22T16:39:12","modified_gmt":"2025-02-22T16:39:12","slug":"berisha-rama-shkalloi-nga-ardhja-e-chris-lacivita-hija-e-mcgonigal-do-e-ndjeke-gjer-ne-fund-te-jetes","status":"publish","type":"post","link":"https:\/\/rdnews.al\/index.php\/2025\/02\/22\/berisha-rama-shkalloi-nga-ardhja-e-chris-lacivita-hija-e-mcgonigal-do-e-ndjeke-gjer-ne-fund-te-jetes\/","title":{"rendered":"Berisha: Rama shkalloi nga ardhja e Chris LaCivita! Hija e McGonigal do e ndjek\u00eb gjer n\u00eb fund t\u00eb jet\u00ebs!"},"content":{"rendered":"<p>Kryetari i PD, Sali Berisha u shpreh se Rama nuk e priti aspak mir\u00eb ardhjene Chris LaCivita n\u00eb krye t\u00eb fushat\u00ebs s\u00eb demokrat\u00ebve p\u00ebr zgjehdjet e p\u00ebrgjitshme parlamentare t\u00eb 11 majit.<\/p>\n<p>Duke folur n\u00eb takimin madh\u00ebshtor n\u00eb Parma t\u00eb Italis\u00eb p\u00ebrpara shqiptar\u00ebbve n\u00eb pritjen e jasht\u00ebzakonshme me ta, Berisha tha se Edi Rama shkallmoi kur pa ardhjen e LACivita, duke e par\u00eb me sy humbjen e fatalitetin e tij.<\/p>\n<p>\u201cMiq, n\u00eb Mynih, Edi Ram\u00ebs, z\u00ebvend\u00ebspresidenti i vendit m\u00eb t\u00eb fuqish\u00ebm t\u00eb bot\u00ebs, i tha ato t\u00eb cilat ne ia deklaronim \u00e7do dit\u00eb dhe \u00e7do jav\u00eb.<\/p>\n<p>Po pse kjo ngjashm\u00ebri?<\/p>\n<p>E b\u00ebri ai i nxitur nga ne? Jo, u them un\u00eb, jo.<\/p>\n<p>Ka nj\u00eb shkak tjet\u00ebr m\u00eb t\u00eb thell\u00eb.<\/p>\n<p>Sepse opozita n\u00eb vendin e madh, n\u00eb at\u00eb vend, p\u00ebsoi nga i nj\u00ebjti armik, t\u00eb nj\u00ebjtat probleme, t\u00eb nj\u00ebjtat represione, t\u00eb nj\u00ebjtat censur\u00eb, t\u00eb nj\u00ebjtat akuza, si\u00e7 p\u00ebsoi opozita n\u00eb Shqip\u00ebri.<\/p>\n<p>Kjo ishte arsyeja pse z\u00ebvend\u00ebspresidenti JD Vance shpalli armik m\u00eb t\u00eb rreziksh\u00ebm p\u00ebr Europ\u00ebn, se rusi dhe kinez\u00ebt, at\u00eb q\u00eb arreston lider\u00ebt e opozit\u00ebs p\u00ebr t\u00eb marr\u00eb mandatet. At\u00eb q\u00eb censuron mediat sociale. At\u00eb q\u00eb kontrollon mediat dhe arreston gazetar\u00ebt.<\/p>\n<p>Ky ishte nj\u00eb kushtrim p\u00ebr shqiptar\u00ebt kudo q\u00eb jan\u00eb. P\u00ebr njer\u00ebzit e lir\u00eb kudo q\u00eb jan\u00eb.<\/p>\n<p>Miq, jo vet\u00ebm kaq. N\u00eb k\u00ebto dy jav\u00eb kishte nj\u00eb zhvillim tjet\u00ebr t\u00eb madh.<\/p>\n<p>T\u00eb nes\u00ebrmen e largimit tim nga Roma, para shqiptar\u00ebve u paraqita me kryestrategun, me kryemagjistarin, bashk\u00ebkryemagjistarin e fushat\u00ebs elektorale t\u00eb presidentit Donald Trump, Chris LaCivita.<\/p>\n<p>Shkallmoi Edi Rama, u tmerrua, e pa me sy humbjen, fatalitetin e tij.<\/p>\n<p>Dhe menj\u00ebher\u00eb, me mediat e tij, deklaroi se Chris LaCivita u ble nga Berisha.<\/p>\n<p>Po, po t\u00eb ishte puna p\u00ebr t\u00eb bler\u00eb, po ai e ngat\u00ebrroi Chris LaCivita me McGonigalin.<\/p>\n<p>Po prisni se kam nj\u00eb lajm p\u00ebr ju sot.<\/p>\n<p>Nj\u00eb gazetar i madh italian shkruante sot, e kam t\u00eb paqart\u00eb marr\u00ebveshjen Rama-McGonigal sepse drejt\u00ebsia e Biden e mbajti t\u00eb fsheht\u00eb, nj\u00eb marr\u00ebveshje n\u00eb t\u00eb cil\u00ebn ai mori nj\u00eb ryshfet 225 mij\u00eb.<\/p>\n<p>Po ajo marr\u00ebveshje ishte e t\u00ebra n\u00eb kurriz t\u00eb opozit\u00ebs. Ishte marr\u00ebveshja p\u00ebr t\u00eb shkat\u00ebrruar opozit\u00ebn n\u00eb Shqip\u00ebri.<\/p>\n<p>Por k\u00ebsaj radhe, postimi i k\u00ebtij gazetari nuk mbeti n\u00eb vesh t\u00eb shurdh\u00ebr.<\/p>\n<p>Kryetari i komitetit komb\u00ebtar republikan, Chris LaCivita e b\u00ebri share dhe u shp\u00ebrnda n\u00eb t\u00eb gjith\u00eb elit\u00ebn drejtuese t\u00eb SHBA.<\/p>\n<p>Edi Rama, ja ku po t\u00eb them nga Parma se hija e McGonigalit do t\u00eb ndjek\u00eb gjer n\u00eb dit\u00ebn e fundit t\u00eb jet\u00ebs. Je i pashpres\u00eb!\u201d, tha Berisha.<\/p>\n","protected":false},"excerpt":{"rendered":"<p>Kryetari i PD, Sali Berisha u shpreh se Rama nuk e priti aspak mir\u00eb ardhjene Chris LaCivita n\u00eb krye t\u00eb fushat\u00ebs s\u00eb demokrat\u00ebve p\u00ebr zgjehdjet e p\u00ebrgjitshme parlamentare t\u00eb 11 majit. Duke folur n\u00eb takimin madh\u00ebshtor n\u00eb Parma t\u00eb Italis\u00eb p\u00ebrpara shqiptar\u00ebbve n\u00eb pritjen e jasht\u00ebzakonshme me ta, Berisha tha se Edi Rama shkallmoi kur &hellip;<\/p>\n","protected":false},"author":4,"featured_media":105419,"comment_status":"closed","ping_status":"closed","sticky":false,"template":"","format":"standard","meta":{"footnotes":""},"categories":[37],"tags":[],"class_list":["post-105418","post","type-post","status-publish","format-standard","has-post-thumbnail","","category-politike"],"_links":{"self":[{"href":"https:\/\/rdnews.al\/index.php\/wp-json\/wp\/v2\/posts\/105418","targetHints":{"allow":["GET"]}}],"collection":[{"href":"https:\/\/rdnews.al\/index.php\/wp-json\/wp\/v2\/posts"}],"about":[{"href":"https:\/\/rdnews.al\/index.php\/wp-json\/wp\/v2\/types\/post"}],"author":[{"embeddable":true,"href":"https:\/\/rdnews.al\/index.php\/wp-json\/wp\/v2\/users\/4"}],"replies":[{"embeddable":true,"href":"https:\/\/rdnews.al\/index.php\/wp-json\/wp\/v2\/comments?post=105418"}],"version-history":[{"count":1,"href":"https:\/\/rdnews.al\/index.php\/wp-json\/wp\/v2\/posts\/105418\/revisions"}],"predecessor-version":[{"id":105420,"href":"https:\/\/rdnews.al\/index.php\/wp-json\/wp\/v2\/posts\/105418\/revisions\/105420"}],"wp:featuredmedia":[{"embeddable":true,"href":"https:\/\/rdnews.al\/index.php\/wp-json\/wp\/v2\/media\/105419"}],"wp:attachment":[{"href":"https:\/\/rdnews.al\/index.php\/wp-json\/wp\/v2\/media?parent=105418"}],"wp:term":[{"taxonomy":"category","embeddable":true,"href":"https:\/\/rdnews.al\/index.php\/wp-json\/wp\/v2\/categories?post=105418"},{"taxonomy":"post_tag","embeddable":true,"href":"https:\/\/rdnews.al\/index.php\/wp-json\/wp\/v2\/tags?post=105418"}],"curies":[{"name":"wp","href":"https:\/\/api.w.org\/{rel}","templated":true}]}}