{"id":105421,"date":"2025-02-22T16:43:45","date_gmt":"2025-02-22T16:43:45","guid":{"rendered":"https:\/\/rdnews.al\/?p=105421"},"modified":"2025-02-22T16:43:45","modified_gmt":"2025-02-22T16:43:45","slug":"berisha-kur-bie-kryeqyteti-bie-diktatura-ra-tirana-do-ike-edi-rama","status":"publish","type":"post","link":"https:\/\/rdnews.al\/index.php\/2025\/02\/22\/berisha-kur-bie-kryeqyteti-bie-diktatura-ra-tirana-do-ike-edi-rama\/","title":{"rendered":"Berisha: Kur bie kryeqyteti, bie diktatura! Ra Tirana, do ik\u00eb Edi Rama!"},"content":{"rendered":"<p>Kryetarit t\u00eb Partis\u00eb Demokratike, Sali Berisha i \u00ebsht\u00eb rezervuar nj\u00eb pritje madh\u00ebshtore n\u00eb Parma t\u00eb Italis\u00eb. Ai tha gjat\u00eb fjal\u00ebs s\u00eb tij se, n\u00eb historin\u00eb e regjimeve, kur bie kryeqyteti, diktatura \u00ebsht\u00eb e pashpres\u00eb.<\/p>\n<p>\u201cKryemagjistari i fitores, i rikthimit m\u00eb t\u00eb jasht\u00ebzakonsh\u00ebm n\u00eb histori, presidentit Donald Trump, ua tha shqiptar\u00ebve hapur, jam k\u00ebtu p\u00ebr t\u00eb mb\u00ebshtetur PD dhe Sali Berish\u00ebn p\u00ebr Shqip\u00ebrin\u00eb madh\u00ebshtore, p\u00ebr Shqip\u00ebrin\u00eb aleate dhe mike t\u00eb v\u00ebrtet\u00eb t\u00eb SHBA dhe Amerik\u00ebs.<\/p>\n<p>T\u00eb dashur miq, nuk ishte vet\u00ebm ky zhvillim madhor.<\/p>\n<p>E kishim edhe nj\u00eb zhvillim tjet\u00ebr shum\u00eb madhor.<\/p>\n<p>N\u00eb historin\u00eb e regjimeve, kur bie kryeqyteti, diktatura \u00ebsht\u00eb e pashpres\u00eb.<\/p>\n<p>Ra Tripoli, iku Gadafi.<\/p>\n<p>Ra Damasku, iku Asadi.<\/p>\n<p>Ra Tirana, do ik\u00eb Edi Rama.<\/p>\n<p>Do thyej\u00eb qaf\u00ebn Edi Rama.<\/p>\n<p>K\u00ebtu, kam nj\u00eb nderim t\u00eb madh dhe n\u00eb em\u00ebr tuaj dua t\u00eb p\u00ebrsh\u00ebndes ata qytetar\u00eb t\u00eb Tiran\u00ebs, q\u00eb n\u00eb 44 beteja p\u00ebrzun\u00eb nga bashkia kryehajdutin e qytetit t\u00eb Tiran\u00ebs, Lali Vjedh\u00ebsin.<\/p>\n<p>Dhe tani, Edi Rama i shastisur, e kuptoi se iku kryeqyteti, iku narkoshteti, p\u00ebrpiqet t\u2019i bind\u00eb shqiptar\u00ebt se qenka standard normal q\u00eb Velica t\u00eb ket\u00eb garderob\u00ebn identike me t\u00eb Lajla Asadit, garderob\u00eb e bazuar e t\u00ebra tek vjedhjet e taksave t\u00eb qytetar\u00ebve t\u00eb Tiran\u00ebs nga Erion Veliaj\u201d, tha Berisha.<\/p>\n","protected":false},"excerpt":{"rendered":"<p>Kryetarit t\u00eb Partis\u00eb Demokratike, Sali Berisha i \u00ebsht\u00eb rezervuar nj\u00eb pritje madh\u00ebshtore n\u00eb Parma t\u00eb Italis\u00eb. Ai tha gjat\u00eb fjal\u00ebs s\u00eb tij se, n\u00eb historin\u00eb e regjimeve, kur bie kryeqyteti, diktatura \u00ebsht\u00eb e pashpres\u00eb. \u201cKryemagjistari i fitores, i rikthimit m\u00eb t\u00eb jasht\u00ebzakonsh\u00ebm n\u00eb histori, presidentit Donald Trump, ua tha shqiptar\u00ebve hapur, jam k\u00ebtu p\u00ebr t\u00eb &hellip;<\/p>\n","protected":false},"author":4,"featured_media":105422,"comment_status":"closed","ping_status":"closed","sticky":false,"template":"","format":"standard","meta":{"footnotes":""},"categories":[37],"tags":[],"class_list":["post-105421","post","type-post","status-publish","format-standard","has-post-thumbnail","","category-politike"],"_links":{"self":[{"href":"https:\/\/rdnews.al\/index.php\/wp-json\/wp\/v2\/posts\/105421","targetHints":{"allow":["GET"]}}],"collection":[{"href":"https:\/\/rdnews.al\/index.php\/wp-json\/wp\/v2\/posts"}],"about":[{"href":"https:\/\/rdnews.al\/index.php\/wp-json\/wp\/v2\/types\/post"}],"author":[{"embeddable":true,"href":"https:\/\/rdnews.al\/index.php\/wp-json\/wp\/v2\/users\/4"}],"replies":[{"embeddable":true,"href":"https:\/\/rdnews.al\/index.php\/wp-json\/wp\/v2\/comments?post=105421"}],"version-history":[{"count":1,"href":"https:\/\/rdnews.al\/index.php\/wp-json\/wp\/v2\/posts\/105421\/revisions"}],"predecessor-version":[{"id":105423,"href":"https:\/\/rdnews.al\/index.php\/wp-json\/wp\/v2\/posts\/105421\/revisions\/105423"}],"wp:featuredmedia":[{"embeddable":true,"href":"https:\/\/rdnews.al\/index.php\/wp-json\/wp\/v2\/media\/105422"}],"wp:attachment":[{"href":"https:\/\/rdnews.al\/index.php\/wp-json\/wp\/v2\/media?parent=105421"}],"wp:term":[{"taxonomy":"category","embeddable":true,"href":"https:\/\/rdnews.al\/index.php\/wp-json\/wp\/v2\/categories?post=105421"},{"taxonomy":"post_tag","embeddable":true,"href":"https:\/\/rdnews.al\/index.php\/wp-json\/wp\/v2\/tags?post=105421"}],"curies":[{"name":"wp","href":"https:\/\/api.w.org\/{rel}","templated":true}]}}