{"id":105424,"date":"2025-02-22T16:46:20","date_gmt":"2025-02-22T16:46:20","guid":{"rendered":"https:\/\/rdnews.al\/?p=105424"},"modified":"2025-02-22T16:46:20","modified_gmt":"2025-02-22T16:46:20","slug":"berisha-vota-juaj-nuk-eshte-vetem-per-shpetimin-e-shqiperise-por-eshte-vote-per-transformimin-e-saj","status":"publish","type":"post","link":"https:\/\/rdnews.al\/index.php\/2025\/02\/22\/berisha-vota-juaj-nuk-eshte-vetem-per-shpetimin-e-shqiperise-por-eshte-vote-per-transformimin-e-saj\/","title":{"rendered":"Berisha: Vota juaj nuk \u00ebsht\u00eb vet\u00ebm p\u00ebr shp\u00ebtimin e Shqip\u00ebris\u00eb, por \u00ebsht\u00eb vot\u00eb p\u00ebr transformimin e saj"},"content":{"rendered":"<p>Lideri i opozit\u00ebs, Sali Berisha u \u00ebsht\u00eb drejtuar bashk\u00ebatdhetar\u00ebve n\u00eb Parma t\u00eb Italis\u00eb se vota e tyre m\u00eb 11 maj, nuk \u00ebsht\u00eb vet\u00ebm p\u00ebr shp\u00ebtimin e Shqip\u00ebris\u00eb porse, edhe vot\u00eb p\u00ebr transformimin e saj.<\/p>\n<p>Gjat\u00eb fjal\u00ebs s\u00eb tij para shqiptar\u00ebve n\u00eb pritjen madh\u00ebshtor\u00eb q\u00eb k\u00ebta t\u00eb funfit i b\u00ebn\u00eb kryedemokratit, Berisha tha se zhvillimi epokal p\u00ebr Shqip\u00ebrin\u00eb dhe shqiptar\u00ebt, do t\u00eb jet\u00eb largimi i Edi Ram\u00ebs.<\/p>\n<p>Sipas Berish\u00ebs, Shqip\u00ebria akoma e ka bishtin e gjarprit n\u00ebp\u00ebr k\u00ebmb\u00eb, nd\u00ebrsa Rama b\u00ebn gjith\u00e7ka p\u00ebr t\u00eb q\u00ebndruar n\u00eb pushtet dhe p\u00ebr t\u00eb marr\u00eb nj\u00eb mandat t\u00eb kat\u00ebrt, mandat q\u00eb do ishte fatkeq\u00ebsia m\u00eb e madhe komb\u00ebtare e shekullit t\u00eb 21.<\/p>\n<p>Miq, pra, k\u00ebto zhvillime ishin shum\u00eb t\u00eb r\u00ebnd\u00ebsishme.<\/p>\n<p>Por natyrisht e theksoj k\u00ebtu para jush, se zhvillim epokal p\u00ebr Shqip\u00ebrin\u00eb dhe shqiptar\u00ebt do t\u00eb jet\u00eb largimi i Edi Ram\u00ebs.<\/p>\n<p>Se e solli fati t\u00eb dashur miq, q\u00eb zhvillimet e viteve 2023-2024 n\u00eb SHBA t\u00eb replikoheshin, t\u00eb p\u00ebrs\u00ebriteshin n\u00eb m\u00ebnyr\u00eb pothuajse identike n\u00eb Shqip\u00ebri.<\/p>\n<p>Ndaj kandidatit p\u00ebr president u nd\u00ebrmor\u00ebn aktet terroriste.<\/p>\n<p>U nd\u00ebrmor\u00ebn akte, akuza penale, 34 akuza n\u00eb nj\u00eb dosje. U b\u00ebn\u00eb gjith\u00e7ka, u vendos censura m\u00eb e rrept\u00eb. U b\u00ebn\u00eb gjith\u00e7ka q\u00eb ai kurr\u00eb t\u00eb mos fitonte.<\/p>\n<p>N\u00eb fotot e internetit, jan\u00eb dy foto miq. \u00cbsht\u00eb fotoja e tij e p\u00ebrgjakur p\u00ebr ta vrar\u00eb n\u00eb Butler, por \u00ebsht\u00eb edhe nj\u00eb foto tjet\u00ebr mij\u00ebra kilometra larg, kur Edi Rama dhe klika e tij i nxori Sali Berish\u00ebs nj\u00eb agjent t\u00eb policis\u00eb kriminale dhe e goditi me shpres\u00eb se ai nuk mund t\u00eb fliste.<\/p>\n<p>Pra, e nj\u00ebjta e keqe, t\u00eb nj\u00ebjtat tentakula atje dhe n\u00eb Shqip\u00ebri.<\/p>\n<p>Edhe atje, edhe n\u00eb Shqip\u00ebri, demokracin\u00eb e vun\u00eb n\u00eb v\u00ebshtir\u00ebsi t\u00eb m\u00ebdha, i soll\u00ebn dit\u00eb t\u00eb v\u00ebshtira.<\/p>\n<p>Ndaj dhe presidenti Donald Trump e cil\u00ebsoi armikun m\u00eb t\u00eb rreziksh\u00ebm, armikun e brendsh\u00ebm, i kryesuar nga Xhorxh Soros, armik i demokracis\u00eb shqiptare.<\/p>\n<p>T\u00eb dashur miq, SHBA fituan betej\u00ebn. Me 5 n\u00ebntor, kombi i madh amerikan votoi p\u00ebr presidentin Donald Trump. Me 20 janar u inaugurua dhe akti i par\u00eb, i preu kok\u00ebn gjarprit.<\/p>\n<p>Por Shqip\u00ebria akoma e ka bishtin e gjarprit n\u00ebp\u00ebr k\u00ebmb\u00eb. Akoma Edi Rama b\u00ebn gjith\u00e7ka p\u00ebr t\u00eb marr\u00eb, p\u00ebr t\u2019u mbajtur n\u00eb pushtet, p\u00ebr t\u00eb marr\u00eb nj\u00eb mandat t\u00eb kat\u00ebrt, mandat q\u00eb do ishte fatkeq\u00ebsia m\u00eb e madhe komb\u00ebtare e shekullit t\u00eb 21.<\/p>\n<p>K\u00ebtu \u00ebsht\u00eb roli juaj p\u00ebrcaktues, vendimtar.<\/p>\n<p>K\u00ebtu \u00ebsht\u00eb vota juaj.<\/p>\n<p>Sepse Edi Rama ju as nuk u shet, as nuk u blen dot. Jeni njer\u00ebz t\u00eb lir\u00eb n\u00eb nj\u00eb vend t\u00eb lir\u00eb.<\/p>\n<p>Sepse Edi Rama nuk mund t\u00eb nd\u00ebrsej\u00eb klanet mafioze dhe kartelet e drog\u00ebs kund\u00ebr jush sepse ky vend i shtypi kok\u00ebn mafies s\u00eb tij, \u00ebsht\u00eb shtet ligjor, shtet i ligjit.<\/p>\n<p>Edi Rama e ka kuptuar se fundi i tij \u00ebsht\u00eb n\u00eb duart tuaja.<\/p>\n<p>Prandaj dhe i ka nd\u00ebrprer\u00eb takimet, telefonat me diaspor\u00ebn nuk i komunikojn\u00eb m\u00eb.<\/p>\n<p>I p\u00ebrsh\u00ebndes t\u00eb gjith\u00eb ata shqiptar\u00eb q\u00eb nuk ua hapin telefonat. Mos ua hapni telefonat fare.<\/p>\n<p>Miq, vota juaj me 11 maj nuk \u00ebsht\u00eb vet\u00ebm nj\u00eb vot\u00eb p\u00ebr shp\u00ebtimin e Shqip\u00ebris\u00eb, \u00ebsht\u00eb nj\u00eb vot\u00eb p\u00ebr transformimin e Shqip\u00ebris\u00eb.<\/p>\n<p>Shqip\u00ebria sot po aq sa n\u00eb vitin 1990, ka nevoj\u00eb p\u00ebr transformime epokale.<\/p>\n<p>T\u00eb ndalemi, kurr\u00eb ndonj\u00ebher\u00eb n\u00eb 10 vite nuk \u00ebsht\u00eb zbrazur si\u00e7 \u00ebsht\u00eb zbrazur gjat\u00eb sundimit t\u00eb Edi Ram\u00ebs. 1 milion e 99 mij\u00eb shqiptar\u00eb n\u00eb 10 vite kan\u00eb emigruar vet\u00ebm n\u00eb zon\u00ebn e Shengenit. 45 p\u00ebrqind e popullat\u00ebs \u00ebsht\u00eb larguar n\u00eb t\u00eb gjith\u00eb bot\u00ebn.<\/p>\n<p>Nuk kan\u00eb ikur shqiptar\u00ebt p\u00ebr t\u00eb r\u00ebn\u00eb pas pasurive, as p\u00ebr aventura dhe p\u00ebr udh\u00ebtime ekzotike.<\/p>\n<p>Pjesa m\u00eb d\u00ebrrmuese e tyre kan\u00eb ikur sepse nuk kan\u00eb gjetur asnj\u00eb mund\u00ebsi q\u00eb \u00ebndrr\u00ebn e tyre ta nd\u00ebrtojn\u00eb n\u00eb Shqip\u00ebri.<\/p>\n<p>Nuk kan\u00eb gjetur asnj\u00eb mund\u00ebsi q\u00eb t\u00eb mbijetojn\u00eb n\u00eb vendin e tyre.<\/p>\n<p>Nuk kan\u00eb gjetur asnj\u00eb mund\u00ebsi p\u00ebr pun\u00ebsim n\u00eb vendin e tyre. Kjo \u00ebsht\u00eb historia e k\u00ebtij emigracioni\u201d, u shpreh Berisha.<\/p>\n","protected":false},"excerpt":{"rendered":"<p>Lideri i opozit\u00ebs, Sali Berisha u \u00ebsht\u00eb drejtuar bashk\u00ebatdhetar\u00ebve n\u00eb Parma t\u00eb Italis\u00eb se vota e tyre m\u00eb 11 maj, nuk \u00ebsht\u00eb vet\u00ebm p\u00ebr shp\u00ebtimin e Shqip\u00ebris\u00eb porse, edhe vot\u00eb p\u00ebr transformimin e saj. Gjat\u00eb fjal\u00ebs s\u00eb tij para shqiptar\u00ebve n\u00eb pritjen madh\u00ebshtor\u00eb q\u00eb k\u00ebta t\u00eb funfit i b\u00ebn\u00eb kryedemokratit, Berisha tha se zhvillimi epokal &hellip;<\/p>\n","protected":false},"author":4,"featured_media":105425,"comment_status":"closed","ping_status":"closed","sticky":false,"template":"","format":"standard","meta":{"footnotes":""},"categories":[37],"tags":[],"class_list":["post-105424","post","type-post","status-publish","format-standard","has-post-thumbnail","","category-politike"],"_links":{"self":[{"href":"https:\/\/rdnews.al\/index.php\/wp-json\/wp\/v2\/posts\/105424","targetHints":{"allow":["GET"]}}],"collection":[{"href":"https:\/\/rdnews.al\/index.php\/wp-json\/wp\/v2\/posts"}],"about":[{"href":"https:\/\/rdnews.al\/index.php\/wp-json\/wp\/v2\/types\/post"}],"author":[{"embeddable":true,"href":"https:\/\/rdnews.al\/index.php\/wp-json\/wp\/v2\/users\/4"}],"replies":[{"embeddable":true,"href":"https:\/\/rdnews.al\/index.php\/wp-json\/wp\/v2\/comments?post=105424"}],"version-history":[{"count":1,"href":"https:\/\/rdnews.al\/index.php\/wp-json\/wp\/v2\/posts\/105424\/revisions"}],"predecessor-version":[{"id":105426,"href":"https:\/\/rdnews.al\/index.php\/wp-json\/wp\/v2\/posts\/105424\/revisions\/105426"}],"wp:featuredmedia":[{"embeddable":true,"href":"https:\/\/rdnews.al\/index.php\/wp-json\/wp\/v2\/media\/105425"}],"wp:attachment":[{"href":"https:\/\/rdnews.al\/index.php\/wp-json\/wp\/v2\/media?parent=105424"}],"wp:term":[{"taxonomy":"category","embeddable":true,"href":"https:\/\/rdnews.al\/index.php\/wp-json\/wp\/v2\/categories?post=105424"},{"taxonomy":"post_tag","embeddable":true,"href":"https:\/\/rdnews.al\/index.php\/wp-json\/wp\/v2\/tags?post=105424"}],"curies":[{"name":"wp","href":"https:\/\/api.w.org\/{rel}","templated":true}]}}