{"id":105430,"date":"2025-02-22T16:54:11","date_gmt":"2025-02-22T16:54:11","guid":{"rendered":"https:\/\/rdnews.al\/?p=105430"},"modified":"2025-02-22T16:54:11","modified_gmt":"2025-02-22T16:54:11","slug":"berisha-zotohet-shqiperia-madheshtore-eshte-qellimi-me-madhor-i-jetes-sime-ne-kete-stad","status":"publish","type":"post","link":"https:\/\/rdnews.al\/index.php\/2025\/02\/22\/berisha-zotohet-shqiperia-madheshtore-eshte-qellimi-me-madhor-i-jetes-sime-ne-kete-stad\/","title":{"rendered":"Berisha zotohet: Shqip\u00ebria madh\u00ebshtore \u00ebsht\u00eb q\u00ebllimi m\u00eb madhor i jet\u00ebs sime n\u00eb k\u00ebt\u00eb stad!"},"content":{"rendered":"<p>Kryetari i PD, Sali Berisha gjat\u00eb fjal\u00ebs para diaspor\u00ebs n\u00eb Parma tha se PD do t\u00eb punoj\u00eb p\u00ebr nj\u00eb Shqip\u00ebri ku jetohet normalisht. Berisha tha se, Shqip\u00ebria madh\u00ebshtore \u00ebsht\u00eb q\u00ebllimi m\u00eb madhor i jet\u00ebs sime n\u00eb k\u00ebt\u00eb stad.<\/p>\n<p>\u201cMiq, iu rikujtoj k\u00ebtu n\u00eb takim t\u00eb kryesuar nga Silvio Berluskoni i Forza Italia.<\/p>\n<p>N\u00eb at\u00eb takim, miku i madh i shqiptar\u00ebve iu drejtua t\u00eb pranishm\u00ebve se ne do aplikojm\u00eb paket\u00ebn fiskale q\u00eb ka aplikuar Sali Berisha dhe PD n\u00eb Shqip\u00ebri. Kjo \u00ebsht\u00eb e v\u00ebrteta.<\/p>\n<p>Dhe un\u00eb iu garantoj ju, garantoj miqt\u00eb tuaj italian\u00eb se Shqip\u00ebria do b\u00ebhet vendi m\u00eb t\u00ebrheq\u00ebs p\u00ebr investimet tuaja, investimet e italian\u00ebve, investimet nd\u00ebrkomb\u00ebtare.<\/p>\n<p>Chris LaCivita u tha shqiptar\u00ebve se un\u00eb erdha k\u00ebtu s\u00eb bashku me PD-n\u00eb dhe Berish\u00ebn p\u00ebr t\u00eb nd\u00ebrtuar Shqip\u00ebrin\u00eb e madh\u00ebrishme.<\/p>\n<p>Disave iu duk si e tep\u00ebrt kjo, por ajo Shqip\u00ebri nuk ishte e pamadh\u00ebrishme kur nd\u00ebrtoi 11 mij\u00eb kilometra rrug\u00eb, autostrada, tunele n\u00eb mandatin e saj, kur dyfishoi rrogat dhe pensionet e shqiptar\u00ebve, kur an\u00ebtar\u00ebsoi Shqip\u00ebrin\u00eb n\u00eb NATO, kur mori rekomandimin p\u00ebr statusin e vendit kandidat.<\/p>\n<p>Nuk ishte e pamadh\u00ebrishme kur n\u00ebnshkroi kontrat\u00ebn p\u00ebr gazsjell\u00ebsin TAP, projektin m\u00eb t\u00eb madh energjetik t\u00eb asaj kohe n\u00eb Evrop\u00eb, bashk\u00eb me qeverin\u00eb e k\u00ebtij vendi mik.<\/p>\n<p>K\u00ebshtu q\u00eb t\u00eb mos i duket kurrkujt nj\u00eb iluzion.<\/p>\n<p>A nuk u faktuam ne nj\u00eb parti e t\u00eb pamundshmeve?<\/p>\n<p>A nuk b\u00ebn\u00eb gjith\u00e7ka kund\u00ebr nesh, kukulla e Xhorxh Sorosit, Xhorxh Sorosi dhe kukullat e tij n\u00eb Uashington? P\u00ebr t\u00eb na zhdukur ne, p\u00ebr t\u00eb mos qen\u00eb.<\/p>\n<p>Por ja ku jemi sot, ja ku po shkojm\u00eb sot drejt fitores.<\/p>\n<p>Ndaj dhe programi yn\u00eb, s\u00eb pari nj\u00eb Shqip\u00ebri ku jetohet normalisht.<\/p>\n<p>Objektivi i par\u00eb, m\u00eb i r\u00ebnd\u00ebsish\u00ebm, nj\u00eb Shqip\u00ebri ku biznesi ka sukses, ka besim, sjell investime, krijon vende pune, zgjeron aktivitetin.<\/p>\n<p>Nj\u00eb Shqip\u00ebri me zero toleranc\u00eb ndaj mafies dhe krimit t\u00eb organizuar.<\/p>\n<p>Nj\u00eb Shqip\u00ebri me zero toleranc\u00eb ndaj korrupsionit.<\/p>\n<p>K\u00ebto jan\u00eb t\u00eb domosdoshme, jan\u00eb themele, por nuk mjaftojn\u00eb.<\/p>\n<p>Shqip\u00ebria madh\u00ebshtore k\u00ebrkon q\u00eb \u00ebndrra e bijave dhe bijve t\u00eb saj, t\u00eb nd\u00ebrtohet n\u00eb Shqip\u00ebri dhe t\u00eb nd\u00ebrtohet me t\u00eb avancuarat q\u00eb ka koha.<\/p>\n<p>Kjo k\u00ebrkon q\u00eb Shqip\u00ebria t\u00eb b\u00ebhet nj\u00eb epiqend\u00ebr e r\u00ebnd\u00ebsishme e high-tech-ut n\u00eb rajon dhe m\u00eb gjer\u00eb. T\u00eb b\u00ebhet Shqip\u00ebria e internetit 3, e blockchain, e kriptomonedhave, e inteligjenc\u00ebs artificiale, e datacenter-ave.<\/p>\n<p>Kjo \u00ebsht\u00eb Shqip\u00ebria e \u00ebndrr\u00ebs rinore shqiptare.<\/p>\n<p>Kjo do jet\u00eb Shqip\u00ebria madh\u00ebshtore.<\/p>\n<p>Dhe un\u00eb u jap fjal\u00ebn ju, u jap fjal\u00ebn shqiptar\u00ebve se ky \u00ebsht\u00eb q\u00ebllimi m\u00eb madhor i jet\u00ebs sime n\u00eb k\u00ebt\u00eb stad\u201d, tha Berisha.<\/p>\n","protected":false},"excerpt":{"rendered":"<p>Kryetari i PD, Sali Berisha gjat\u00eb fjal\u00ebs para diaspor\u00ebs n\u00eb Parma tha se PD do t\u00eb punoj\u00eb p\u00ebr nj\u00eb Shqip\u00ebri ku jetohet normalisht. Berisha tha se, Shqip\u00ebria madh\u00ebshtore \u00ebsht\u00eb q\u00ebllimi m\u00eb madhor i jet\u00ebs sime n\u00eb k\u00ebt\u00eb stad. \u201cMiq, iu rikujtoj k\u00ebtu n\u00eb takim t\u00eb kryesuar nga Silvio Berluskoni i Forza Italia. N\u00eb at\u00eb takim, &hellip;<\/p>\n","protected":false},"author":4,"featured_media":105431,"comment_status":"closed","ping_status":"closed","sticky":false,"template":"","format":"standard","meta":{"footnotes":""},"categories":[37],"tags":[],"class_list":["post-105430","post","type-post","status-publish","format-standard","has-post-thumbnail","","category-politike"],"_links":{"self":[{"href":"https:\/\/rdnews.al\/index.php\/wp-json\/wp\/v2\/posts\/105430","targetHints":{"allow":["GET"]}}],"collection":[{"href":"https:\/\/rdnews.al\/index.php\/wp-json\/wp\/v2\/posts"}],"about":[{"href":"https:\/\/rdnews.al\/index.php\/wp-json\/wp\/v2\/types\/post"}],"author":[{"embeddable":true,"href":"https:\/\/rdnews.al\/index.php\/wp-json\/wp\/v2\/users\/4"}],"replies":[{"embeddable":true,"href":"https:\/\/rdnews.al\/index.php\/wp-json\/wp\/v2\/comments?post=105430"}],"version-history":[{"count":1,"href":"https:\/\/rdnews.al\/index.php\/wp-json\/wp\/v2\/posts\/105430\/revisions"}],"predecessor-version":[{"id":105432,"href":"https:\/\/rdnews.al\/index.php\/wp-json\/wp\/v2\/posts\/105430\/revisions\/105432"}],"wp:featuredmedia":[{"embeddable":true,"href":"https:\/\/rdnews.al\/index.php\/wp-json\/wp\/v2\/media\/105431"}],"wp:attachment":[{"href":"https:\/\/rdnews.al\/index.php\/wp-json\/wp\/v2\/media?parent=105430"}],"wp:term":[{"taxonomy":"category","embeddable":true,"href":"https:\/\/rdnews.al\/index.php\/wp-json\/wp\/v2\/categories?post=105430"},{"taxonomy":"post_tag","embeddable":true,"href":"https:\/\/rdnews.al\/index.php\/wp-json\/wp\/v2\/tags?post=105430"}],"curies":[{"name":"wp","href":"https:\/\/api.w.org\/{rel}","templated":true}]}}