{"id":105437,"date":"2025-02-22T17:14:22","date_gmt":"2025-02-22T17:14:22","guid":{"rendered":"https:\/\/rdnews.al\/?p=105437"},"modified":"2025-02-22T17:26:17","modified_gmt":"2025-02-22T17:26:17","slug":"noka-qeveria-rama-me-e-korruptuara-dhe-me-e-inkriminuara-ne-evrope","status":"publish","type":"post","link":"https:\/\/rdnews.al\/index.php\/2025\/02\/22\/noka-qeveria-rama-me-e-korruptuara-dhe-me-e-inkriminuara-ne-evrope\/","title":{"rendered":"Berisha fton diaspor\u00ebn t\u00eb regjistrohet: M\u00eb 11 maj vota juaj do t\u00eb ndaj\u00eb epokat!"},"content":{"rendered":"<p>Lideri i opozit\u00ebs, Sali Berisha u ka b\u00ebr\u00eb thirrje diaspor\u00ebs q\u00eb t\u00eb regjistrohen deri me 4 mars. Berisha tha se, m\u00eb 11 maj vota juaj do t\u00eb ndaj\u00eb epokat.<\/p>\n<p>Berisha: T\u00eb dashur miq, 4 marsi \u00ebsht\u00eb nes\u00ebr.<\/p>\n<p>4 marsi na fton t\u00eb gjith\u00eb ju, t\u00eb gjith\u00eb shqiptar\u00ebt n\u00eb diaspor\u00eb.<\/p>\n<p>T\u00eb gjith\u00eb shqiptar\u00ebt n\u00eb Shqip\u00ebri.<\/p>\n<p>T\u00eb b\u00ebjm\u00eb gjith\u00e7ka p\u00ebr regjistrimin n\u00eb m\u00ebnyr\u00eb q\u00eb me 11 maj, vota juaj t\u00eb ndaj\u00eb epokat.<\/p>\n<p>Vota juaj t\u00eb p\u00ebrmbys\u00eb narkoshtetin.<\/p>\n<p>Njeriu n\u00eb jet\u00eb ka dit\u00eb, ka ora t\u00eb ve\u00e7anta dhe m\u00eb t\u00eb ve\u00e7anta.<\/p>\n<p>Por un\u00eb u them ju me bindjen time m\u00eb t\u00eb thell\u00eb se ora m\u00eb e bukur e njeriut n\u00eb jet\u00eb \u00ebsht\u00eb ora kur t\u00eb th\u00ebrret atdheu.<\/p>\n<p>Ajo \u00ebsht\u00eb ora e t\u00eb gjitha orave.<\/p>\n<p>Ajo \u00ebsht\u00eb ora n\u00eb t\u00eb cil\u00ebn \u00e7do qytetar, \u00e7do an\u00ebtar i kombit ngrihet n\u00eb forc\u00ebn e kombit.<\/p>\n<p>Ngrihet n\u00eb krye t\u00eb vendit.<\/p>\n<p>Ajo \u00ebsht\u00eb krye-ora e jet\u00ebs s\u00eb njeriut.<\/p>\n<p>Krye-ora juaj \u00ebsht\u00eb ora e 11 majit, \u00ebsht\u00eb dita juaj.<\/p>\n<p>Kurr\u00eb mos harroni se shqiptar\u00ebt i lindin p\u00ebr t\u2019i dal\u00eb zot Shqip\u00ebris\u00eb.<\/p>\n<p>Kurr\u00eb mos harroni himnin ton\u00eb komb\u00ebtar se nga lufta ve\u00e7se ai largohet.<\/p>\n<p>Dhe ne nuk largohemi kurr\u00eb.<\/p>\n<p>Rrofshi ju, rroft\u00eb Shqip\u00ebria.<\/p>\n<p>E viva l\u2019Italia!<\/p>\n<p>Fitore, fitore, fitore!<\/p>\n","protected":false},"excerpt":{"rendered":"<p>Lideri i opozit\u00ebs, Sali Berisha u ka b\u00ebr\u00eb thirrje diaspor\u00ebs q\u00eb t\u00eb regjistrohen deri me 4 mars. Berisha tha se, m\u00eb 11 maj vota juaj do t\u00eb ndaj\u00eb epokat. Berisha: T\u00eb dashur miq, 4 marsi \u00ebsht\u00eb nes\u00ebr. 4 marsi na fton t\u00eb gjith\u00eb ju, t\u00eb gjith\u00eb shqiptar\u00ebt n\u00eb diaspor\u00eb. T\u00eb gjith\u00eb shqiptar\u00ebt n\u00eb Shqip\u00ebri. T\u00eb &hellip;<\/p>\n","protected":false},"author":4,"featured_media":105444,"comment_status":"closed","ping_status":"closed","sticky":false,"template":"","format":"standard","meta":{"footnotes":""},"categories":[37],"tags":[],"class_list":["post-105437","post","type-post","status-publish","format-standard","has-post-thumbnail","","category-politike"],"_links":{"self":[{"href":"https:\/\/rdnews.al\/index.php\/wp-json\/wp\/v2\/posts\/105437","targetHints":{"allow":["GET"]}}],"collection":[{"href":"https:\/\/rdnews.al\/index.php\/wp-json\/wp\/v2\/posts"}],"about":[{"href":"https:\/\/rdnews.al\/index.php\/wp-json\/wp\/v2\/types\/post"}],"author":[{"embeddable":true,"href":"https:\/\/rdnews.al\/index.php\/wp-json\/wp\/v2\/users\/4"}],"replies":[{"embeddable":true,"href":"https:\/\/rdnews.al\/index.php\/wp-json\/wp\/v2\/comments?post=105437"}],"version-history":[{"count":3,"href":"https:\/\/rdnews.al\/index.php\/wp-json\/wp\/v2\/posts\/105437\/revisions"}],"predecessor-version":[{"id":105445,"href":"https:\/\/rdnews.al\/index.php\/wp-json\/wp\/v2\/posts\/105437\/revisions\/105445"}],"wp:featuredmedia":[{"embeddable":true,"href":"https:\/\/rdnews.al\/index.php\/wp-json\/wp\/v2\/media\/105444"}],"wp:attachment":[{"href":"https:\/\/rdnews.al\/index.php\/wp-json\/wp\/v2\/media?parent=105437"}],"wp:term":[{"taxonomy":"category","embeddable":true,"href":"https:\/\/rdnews.al\/index.php\/wp-json\/wp\/v2\/categories?post=105437"},{"taxonomy":"post_tag","embeddable":true,"href":"https:\/\/rdnews.al\/index.php\/wp-json\/wp\/v2\/tags?post=105437"}],"curies":[{"name":"wp","href":"https:\/\/api.w.org\/{rel}","templated":true}]}}