{"id":105446,"date":"2025-02-22T17:29:13","date_gmt":"2025-02-22T17:29:13","guid":{"rendered":"https:\/\/rdnews.al\/?p=105446"},"modified":"2025-02-22T17:29:29","modified_gmt":"2025-02-22T17:29:29","slug":"paloka-ne-do-tja-thyejme-qafen-rames-diktatorit-te-fundit-shqiptar","status":"publish","type":"post","link":"https:\/\/rdnews.al\/index.php\/2025\/02\/22\/paloka-ne-do-tja-thyejme-qafen-rames-diktatorit-te-fundit-shqiptar\/","title":{"rendered":"Paloka: Ne do t\u2019ia thyejm\u00eb qaf\u00ebn Ram\u00ebs, diktatorit t\u00eb fundit shqiptar!"},"content":{"rendered":"<p>Gjat\u00eb takimit madh\u00ebshtor t\u00eb Partis\u00eb Demokratike n\u00eb Parma foli edhe Kryetari i K\u00ebshillit Komb\u00ebtar t\u00eb PD, Edi Paloka. Ai tha se, ne do t\u2019ja thyejm\u00eb qaf\u00ebn Ram\u00ebs, diktatorit t\u00eb fundit shqiptar.<\/p>\n<p>\u201cMotra dhe v\u00ebllez\u00ebr, \u00ebsht\u00eb v\u00ebrtet\u00eb k\u00ebnaq\u00ebsi e madhe dhe shum\u00eb emocion t\u00eb ju shof t\u00eb gjith\u00ebve bashk\u00eb me k\u00ebt\u00eb entuziaz\u00ebm de me besimin n\u00eb fitore. Kur hyra n\u00eb k\u00ebt\u00eb sall\u00eb toka duart me shum\u00eb nga ju, miq t\u00eb vketr\u00eb, t\u00eb njohur, disa prej tyre q\u00eb n\u00eb \u201990 dhe n\u00eb vazhdim gjithmon\u00eb n\u00eb betejat e p\u00ebrbashk\u00ebta gjithmon\u00eb n\u00eb luft\u00eb p\u00ebr t\u00eb mbrojtur lirin\u00eb dhe demokracin\u00eb e Shqip\u00ebris\u00eb. Sot me at\u00eb besim q\u00eb hym\u00eb 30 e ca vite me par\u00eb dhe p\u00ebrmbysem diktatur\u00ebn m\u00eb t\u00eb eg\u00ebr, ne do t\u2019ia dalim t\u00eb p\u00ebrmbysim edhe diktatur\u00ebn m\u00eb t\u00eb re t\u00eb Shqip\u00ebris\u00eb.<\/p>\n<p>Me ndihm\u00ebn e zotit dhe me ndihm\u00ebn tuaj t\u00eb t\u00eb gjith\u00eb demokrat\u00ebve n\u00eb Shqip\u00ebri dhe jasht\u00eb Shqip\u00ebris\u00eb ne do t\u2019ja thyejm\u00eb qaf\u00ebn Ram\u00ebs diktatorit t\u00eb fundit shqiptar. Ne do t\u00eb fitojm\u00eb pa diskutim\u201d, tha Paloka.<\/p>\n","protected":false},"excerpt":{"rendered":"<p>Gjat\u00eb takimit madh\u00ebshtor t\u00eb Partis\u00eb Demokratike n\u00eb Parma foli edhe Kryetari i K\u00ebshillit Komb\u00ebtar t\u00eb PD, Edi Paloka. Ai tha se, ne do t\u2019ja thyejm\u00eb qaf\u00ebn Ram\u00ebs, diktatorit t\u00eb fundit shqiptar. \u201cMotra dhe v\u00ebllez\u00ebr, \u00ebsht\u00eb v\u00ebrtet\u00eb k\u00ebnaq\u00ebsi e madhe dhe shum\u00eb emocion t\u00eb ju shof t\u00eb gjith\u00ebve bashk\u00eb me k\u00ebt\u00eb entuziaz\u00ebm de me besimin n\u00eb &hellip;<\/p>\n","protected":false},"author":4,"featured_media":105425,"comment_status":"closed","ping_status":"closed","sticky":false,"template":"","format":"standard","meta":{"footnotes":""},"categories":[37],"tags":[],"class_list":["post-105446","post","type-post","status-publish","format-standard","has-post-thumbnail","","category-politike"],"_links":{"self":[{"href":"https:\/\/rdnews.al\/index.php\/wp-json\/wp\/v2\/posts\/105446","targetHints":{"allow":["GET"]}}],"collection":[{"href":"https:\/\/rdnews.al\/index.php\/wp-json\/wp\/v2\/posts"}],"about":[{"href":"https:\/\/rdnews.al\/index.php\/wp-json\/wp\/v2\/types\/post"}],"author":[{"embeddable":true,"href":"https:\/\/rdnews.al\/index.php\/wp-json\/wp\/v2\/users\/4"}],"replies":[{"embeddable":true,"href":"https:\/\/rdnews.al\/index.php\/wp-json\/wp\/v2\/comments?post=105446"}],"version-history":[{"count":2,"href":"https:\/\/rdnews.al\/index.php\/wp-json\/wp\/v2\/posts\/105446\/revisions"}],"predecessor-version":[{"id":105448,"href":"https:\/\/rdnews.al\/index.php\/wp-json\/wp\/v2\/posts\/105446\/revisions\/105448"}],"wp:featuredmedia":[{"embeddable":true,"href":"https:\/\/rdnews.al\/index.php\/wp-json\/wp\/v2\/media\/105425"}],"wp:attachment":[{"href":"https:\/\/rdnews.al\/index.php\/wp-json\/wp\/v2\/media?parent=105446"}],"wp:term":[{"taxonomy":"category","embeddable":true,"href":"https:\/\/rdnews.al\/index.php\/wp-json\/wp\/v2\/categories?post=105446"},{"taxonomy":"post_tag","embeddable":true,"href":"https:\/\/rdnews.al\/index.php\/wp-json\/wp\/v2\/tags?post=105446"}],"curies":[{"name":"wp","href":"https:\/\/api.w.org\/{rel}","templated":true}]}}