{"id":105449,"date":"2025-02-22T17:30:13","date_gmt":"2025-02-22T17:30:13","guid":{"rendered":"https:\/\/rdnews.al\/?p=105449"},"modified":"2025-02-22T17:30:13","modified_gmt":"2025-02-22T17:30:13","slug":"noka-qeveria-rama-me-e-korruptuara-dhe-me-e-inkriminuara-ne-evrope-2","status":"publish","type":"post","link":"https:\/\/rdnews.al\/index.php\/2025\/02\/22\/noka-qeveria-rama-me-e-korruptuara-dhe-me-e-inkriminuara-ne-evrope-2\/","title":{"rendered":"Noka: Qeveria Rama m\u00eb e korruptuara dhe m\u00eb e inkriminuara n\u00eb Evrop\u00eb!"},"content":{"rendered":"<p>Gjat\u00eb takimit madh\u00ebshtor t\u00eb Partis\u00eb Demokratike n\u00eb Parma foli edhe Sekretari i P\u00ebrgjithsh\u00ebm i PD Flamur Noka. Ai tha se, Qeveria Rama m\u00eb e korruptuara dhe m\u00eb e inkriminuara n\u00eb Evrop\u00eb dhe ndoshta n\u00eb planet.<\/p>\n<p>\u201cJemi mbledhur sot se bashku n\u00eb nj\u00eb moment historik. 2 muaj e gjys\u00ebm na ndajn\u00eb prej dit\u00ebs kur ne s\u00eb bashku me vot\u00ebn ton\u00eb, do e \u00e7lirojm\u00eb Shqip\u00ebrin\u00eb ton\u00eb t\u00eb dashur, nga nj\u00eb prej qeverive m\u00eb t\u00eb korruptuara dhe m\u00eb t\u00eb inkriminuara n\u00eb Evrop\u00eb dhe ndoshta n\u00eb planet. K\u00ebt\u00eb detyrim para kombit dhe para shqiptar\u00ebve para t\u00eb rinjve dh\u00eb t\u00eb rejave para pensionist\u00ebve, para familjar\u00ebve dhe para atyre qindra shqiptar\u00ebve q\u00eb kan\u00eb ikur nga ky vend t\u00eb larguar nga ky regjim. E kemi ne detyrim si PD dhe si opozit\u00eb. \u00cbsht\u00eb nj\u00eb detyrim q\u00eb e kemi bashk\u00eb m\u00eb ju dhe do ta realizojm\u00eb s\u00eb bashku.<\/p>\n<p>Vota e juaja v\u00ebllez\u00ebr dhe motra \u00ebsht\u00eb jetike ne k\u00ebt\u00eb proces. \u00cbsht\u00eb e vetmja q\u00eb do ta mund\u00ebsoj\u00eb ndryshimin e Shqip\u00ebris\u00eb dhe ndryshimin e kursit politik t\u00eb vendit ton\u00eb.<\/p>\n<p>Shqiptar\u00ebt sot kudo q\u00eb jan\u00eb jan\u00eb bashkuar rreth PD dhe Sali Berish\u00ebs nga \u00e7do cep i vendit i Evrop\u00ebs dhe bot\u00ebs. Atje t\u00eb bashkuar t\u00eb gjith\u00eb mes shpres\u00eb dhe besim se ora e ndryshimit t\u00eb shum\u00ebpritur po troket.<\/p>\n<p>Ju do t\u00eb b\u00ebni ndryshimoin me vot\u00ebn tuaj. Do votoni PD q\u00eb lufton p\u00ebr ju p\u00ebr Shqip\u00ebrin\u00eb dhe p\u00ebr vendin. Kemi akoma edhe 10 dit\u00eb koh\u00eb. Regjistrohuni mos neglizhoni pasi vota juaj \u00ebsht\u00eb Shpresa e Shqi\u00ebris\u00eb\u201d, tha Noka.<\/p>\n","protected":false},"excerpt":{"rendered":"<p>Gjat\u00eb takimit madh\u00ebshtor t\u00eb Partis\u00eb Demokratike n\u00eb Parma foli edhe Sekretari i P\u00ebrgjithsh\u00ebm i PD Flamur Noka. Ai tha se, Qeveria Rama m\u00eb e korruptuara dhe m\u00eb e inkriminuara n\u00eb Evrop\u00eb dhe ndoshta n\u00eb planet. \u201cJemi mbledhur sot se bashku n\u00eb nj\u00eb moment historik. 2 muaj e gjys\u00ebm na ndajn\u00eb prej dit\u00ebs kur ne s\u00eb &hellip;<\/p>\n","protected":false},"author":4,"featured_media":105431,"comment_status":"closed","ping_status":"closed","sticky":false,"template":"","format":"standard","meta":{"footnotes":""},"categories":[37],"tags":[],"class_list":["post-105449","post","type-post","status-publish","format-standard","has-post-thumbnail","","category-politike"],"_links":{"self":[{"href":"https:\/\/rdnews.al\/index.php\/wp-json\/wp\/v2\/posts\/105449","targetHints":{"allow":["GET"]}}],"collection":[{"href":"https:\/\/rdnews.al\/index.php\/wp-json\/wp\/v2\/posts"}],"about":[{"href":"https:\/\/rdnews.al\/index.php\/wp-json\/wp\/v2\/types\/post"}],"author":[{"embeddable":true,"href":"https:\/\/rdnews.al\/index.php\/wp-json\/wp\/v2\/users\/4"}],"replies":[{"embeddable":true,"href":"https:\/\/rdnews.al\/index.php\/wp-json\/wp\/v2\/comments?post=105449"}],"version-history":[{"count":1,"href":"https:\/\/rdnews.al\/index.php\/wp-json\/wp\/v2\/posts\/105449\/revisions"}],"predecessor-version":[{"id":105450,"href":"https:\/\/rdnews.al\/index.php\/wp-json\/wp\/v2\/posts\/105449\/revisions\/105450"}],"wp:featuredmedia":[{"embeddable":true,"href":"https:\/\/rdnews.al\/index.php\/wp-json\/wp\/v2\/media\/105431"}],"wp:attachment":[{"href":"https:\/\/rdnews.al\/index.php\/wp-json\/wp\/v2\/media?parent=105449"}],"wp:term":[{"taxonomy":"category","embeddable":true,"href":"https:\/\/rdnews.al\/index.php\/wp-json\/wp\/v2\/categories?post=105449"},{"taxonomy":"post_tag","embeddable":true,"href":"https:\/\/rdnews.al\/index.php\/wp-json\/wp\/v2\/tags?post=105449"}],"curies":[{"name":"wp","href":"https:\/\/api.w.org\/{rel}","templated":true}]}}