{"id":105453,"date":"2025-02-22T17:46:20","date_gmt":"2025-02-22T17:46:20","guid":{"rendered":"https:\/\/rdnews.al\/?p=105453"},"modified":"2025-02-22T17:46:20","modified_gmt":"2025-02-22T17:46:20","slug":"dalin-fotot-klotilda-bushka-rehatohet-ne-zyren-e-ajola-xoxes-si-ne-shtepi","status":"publish","type":"post","link":"https:\/\/rdnews.al\/index.php\/2025\/02\/22\/dalin-fotot-klotilda-bushka-rehatohet-ne-zyren-e-ajola-xoxes-si-ne-shtepi\/","title":{"rendered":"Dalin fotot\/ Klotilda Bushka rehatohet n\u00eb zyr\u00ebn e Ajola Xox\u00ebs si n\u00eb sht\u00ebpi&#8230;"},"content":{"rendered":"<p>N\u00eb deklarat\u00ebn e SPAK pas arrestimit t\u00eb kryebashkiakut t\u00eb Tiran\u00ebs Erion Veliaj t\u00ebrhoqi v\u00ebmendje mes t\u00eb tjerave edhe p\u00ebrfshirja n\u00eb k\u00ebt\u00eb \u00e7\u00ebshtje e deputetes socialiste Klotilda Bushka, kryetare e Komisionit t\u00eb Ligjeve.<\/p>\n<p>Ajo \u00ebsht\u00eb v\u00ebn\u00eb n\u00ebn hetim me dyshimet se ka qen\u00eb e p\u00ebrfshir\u00eb n\u00eb veprime aktive n\u00eb nj\u00eb fushat\u00eb p\u00ebr frik\u00ebsimin e d\u00ebshmitar\u00ebve, helmimin e provave dhe pengimin e hetimit n\u00eb dhjetor t\u00eb vitit t\u00eb kaluar dhe n\u00eb janar t\u00eb k\u00ebtij viti.<\/p>\n<p>N\u00eb dosjen qindra faq\u00ebshe t\u00eb GJKKO-s\u00eb, Bushka thuhet se ka nd\u00ebrhyr\u00eb p\u00ebr t\u00eb penguar hetimet e SPAK, duke intimiduar d\u00ebshmitar\u00eb dhe duke u marr\u00eb telefonat q\u00eb t\u00eb mos i dor\u00ebzonin n\u00eb SPAK.<\/p>\n<p>Dhe p\u00ebr t\u00eb kuptuar pozicionin e saj n\u00eb k\u00ebt\u00eb \u00e7\u00ebshtje \u201cOra News\u201d ka siguruar pamje Klotilda Bushka shfaqet n\u00eb zyr\u00ebn e Ajola Xox\u00ebs, q\u00eb ashtu si\u00e7 u vu n\u00eb rresht administrata e Bashkis\u00eb s\u00eb Tiran\u00ebs n\u00eb shesh, ashtu thuhet se edhe ajo e mblidhte gjyq\u00ebsorin n\u00eb katin e 10-t\u00eb t\u00eb \u201cSky Tower\u201d!<\/p>\n<div class=\"jnews_inline_related_post_wrapper left\">\n<div class=\"jnews_inline_related_post\">\n<div class=\"jeg_postblock_29 jeg_postblock jeg_module_hook jeg_pagination_disable jeg_col_2o3 jnews_module_1510856_1_67ba0709ea392   \" data-unique=\"jnews_module_1510856_1_67ba0709ea392\">\n<div class=\"jeg_block_heading jeg_block_heading_6 jeg_subcat_right\"><\/div>\n<div class=\"jeg_block_navigation\">Nga pamjet e siguruara v\u00ebrehet qart\u00eb se n\u00eb zyr\u00ebn e Xox\u00ebs gjenden Aulona Hazbiu, q\u00eb \u00ebsht\u00eb konsulente ligjore s\u00eb bashku me Klotilda Bushk\u00ebn.<\/div>\n<\/div>\n<\/div>\n<\/div>\n<p><img loading=\"lazy\" decoding=\"async\" class=\"alignnone size-medium wp-image-1510858\" src=\"https:\/\/boldnews.al\/wp-content\/uploads\/2025\/02\/auto_41740243790-640x360.jpeg\" sizes=\"auto, (max-width: 640px) 100vw, 640px\" srcset=\"https:\/\/boldnews.al\/wp-content\/uploads\/2025\/02\/auto_41740243790-640x360.jpeg 640w, https:\/\/boldnews.al\/wp-content\/uploads\/2025\/02\/auto_41740243790-750x422.jpeg 750w, https:\/\/boldnews.al\/wp-content\/uploads\/2025\/02\/auto_41740243790.jpeg 900w\" alt=\"\" width=\"640\" height=\"360\" data-pin-no-hover=\"true\" \/><\/p>\n<p>Burimet thon\u00eb se Hazbiu p\u00ebrve\u00e7se p\u00ebr konsulenc\u00eb, ajo \u201cp\u00ebrdoret\u201d edhe p\u00ebr t\u00eb p\u00ebrkthyer Kushtetut\u00ebn, sikurse ka b\u00ebr\u00eb n\u00eb koh\u00ebn e reform\u00ebs n\u00eb drejt\u00ebsi, kur ajo sh\u00ebrbente si K\u00ebshilltare n\u00eb procesin e reform\u00ebs n\u00eb drejt\u00ebsi.<\/p>\n<p>Kujtojm\u00eb se kjo zyr\u00eb \u00ebsht\u00eb edhe e para ku zbarkoi BKH-ja dhe SPAK-u dhjetorin e vitit t\u00eb kaluar dhe \u00ebsht\u00eb leht\u00ebsisht e verifikueshme sa i p\u00ebrket v\u00ebrtet\u00ebsis\u00eb s\u00eb pamjeve t\u00eb publikuara.<\/p>\n<p>Nd\u00ebrkaq burime nga ish-stafi i bashk\u00ebshortes s\u00eb kryebashkiakut t\u00eb arrestuar dhe n\u00ebn hetim p\u00ebr pastrim parash dhe fshehje pasurie, Erion Veliaj b\u00ebjn\u00eb me dije fakte trondit\u00ebse se n\u00eb zyr\u00ebn e Ajola Xox\u00ebs jan\u00eb hequr prokuror\u00eb dhe gjyqtar\u00eb nga sistemi, ku dhe po ashtu, jan\u00eb em\u00ebruar prokuror\u00eb dhe gjyqtar\u00eb t\u00eb tjer\u00eb q\u00eb kan\u00eb l\u00ebn\u00eb \u00e7anta me lek\u00eb p\u00ebr futjen apo q\u00ebndrimin e tyre n\u00eb sistemin e drejt\u00ebsis\u00eb.<\/p>\n<p>Skandali shkon dhe m\u00eb larg. Sipas burimeve n\u00eb fjal\u00eb, n\u00eb k\u00ebt\u00eb zyr\u00eb, ku disa her\u00eb e pranishme ka qen\u00eb edhe vet\u00eb Bushka jan\u00eb paraqitur prokuror\u00eb dhe gjyqtar\u00eb, t\u00eb cil\u00ebt kan\u00eb k\u00ebrkuar kalimin e procesit t\u00eb shum\u00eb-anatemuar t\u00eb Vetting-ut.<\/p>\n<p>Por se cili ka qen\u00eb roli konkret i Bushk\u00ebs n\u00eb k\u00ebto procese ku vet\u00eb Bushka duket se \u00ebsht\u00eb n\u00eb konflikt interesi si p\u00ebrfaq\u00ebsuese e pushtetit legjislativ n\u00eb raport me pushtetin gjyq\u00ebsor mbetet p\u00ebr t\u2019u par\u00eb nga hetimet e m\u00ebtejshme t\u00eb SPAK-ut, n\u00ebse do t\u00eb ket\u00eb edhe n\u00eb k\u00ebt\u00eb aspekt.<\/p>\n<p>E nga ana tjet\u00ebr, m\u00ebsohet se n\u00eb k\u00ebt\u00eb zyr\u00eb \u201cparaqisnin forc\u00ebn\u201d edhe prokuror\u00eb dhe gjyqtar\u00eb q\u00eb kishin probleme me institucionet e Apelimit apo Verifikimit dhe kishin nevoj\u00eb p\u00ebr konsulenc\u00eb m\u00eb profesionale dhe m\u00eb t\u00eb thelluar n\u00eb sistemin e drejt\u00ebsis\u00eb s\u00eb reformuar nga Fatmir Xhafaj, i cili s\u00eb fundmi ka propozuar edhe ngritjen e nj\u00eb komisioni \u201cspecial\u201d parlamentar p\u00ebr t\u00eb kontrolluar organet e pavarura t\u00eb drejt\u00ebsis\u00eb.<\/p>\n<p>N\u00eb fakt kjo nism\u00eb tashm\u00eb ka nisur t\u00eb komentohet n\u00eb media se vjen nga paniku se sistemi q\u00eb ata ngrit\u00ebn po i del jasht\u00eb kontrollit dhe viktima t\u00eb tij mund t\u00eb jen\u00eb pik\u00ebrisht ata q\u00eb e hartuan, votuan dhe ngrit\u00ebn struktura t\u00eb pavarura si SPAK dhe GJKKO.<\/p>\n<p>B\u00ebhet fjal\u00eb p\u00ebr takimet q\u00eb zhvilloheshin jo pak her\u00eb n\u00eb ambientet e zyr\u00ebs s\u00eb konsulenc\u00ebs ligjore \u201cPartneres\u201d, q\u00eb administrohej nga Ajola Xoxa, n\u00eb t\u00eb cil\u00ebn Klotilda Bushka ndihej si n\u00eb sht\u00ebpin\u00eb e saj.<\/p>\n<p>N\u00eb fakt vet\u00eb ligjv\u00ebn\u00ebsja socialiste nuk e ka mohuar lidhjen e fort\u00eb me Xox\u00ebn, por p\u00ebr hetuesit e dosjes \u201cVeliaj\u201d, ajo \u00ebsht\u00eb p\u00ebrfshir\u00eb n\u00eb operacione t\u00eb mir\u00ebfillta kriminale p\u00ebr shkat\u00ebrrimin e provave hetimore, apo edhe intimidimin e d\u00ebshmitar\u00ebve t\u00eb procesit t\u00eb thirrur nga SPAK-u.<\/p>\n<p>Vet\u00ebm 4 dit\u00eb nga arrestimi i Veliajt Deputetja e Partis\u00eb Socialiste, Klotilda Bushka u shfaq aktive n\u00eb takimet e saj t\u00eb influenc\u00ebs s\u00eb dyshuar p\u00ebr prishjen e provave p\u00ebr dosjen e Erion Veliaj dhe Ajola Xox\u00ebs.<\/p>\n<p>Megjithat\u00eb kjo duket se nuk e ka shqet\u00ebsuar Bushk\u00ebn pasi \u00ebsht\u00eb fotografuar s\u00ebrish s\u00eb bashku me avokatin e Ajola Xox\u00ebs, Ermir Beta.\/Oranews<\/p>\n","protected":false},"excerpt":{"rendered":"<p>N\u00eb deklarat\u00ebn e SPAK pas arrestimit t\u00eb kryebashkiakut t\u00eb Tiran\u00ebs Erion Veliaj t\u00ebrhoqi v\u00ebmendje mes t\u00eb tjerave edhe p\u00ebrfshirja n\u00eb k\u00ebt\u00eb \u00e7\u00ebshtje e deputetes socialiste Klotilda Bushka, kryetare e Komisionit t\u00eb Ligjeve. Ajo \u00ebsht\u00eb v\u00ebn\u00eb n\u00ebn hetim me dyshimet se ka qen\u00eb e p\u00ebrfshir\u00eb n\u00eb veprime aktive n\u00eb nj\u00eb fushat\u00eb p\u00ebr frik\u00ebsimin e d\u00ebshmitar\u00ebve, helmimin &hellip;<\/p>\n","protected":false},"author":4,"featured_media":104239,"comment_status":"closed","ping_status":"closed","sticky":false,"template":"","format":"standard","meta":{"footnotes":""},"categories":[37],"tags":[],"class_list":["post-105453","post","type-post","status-publish","format-standard","has-post-thumbnail","","category-politike"],"_links":{"self":[{"href":"https:\/\/rdnews.al\/index.php\/wp-json\/wp\/v2\/posts\/105453","targetHints":{"allow":["GET"]}}],"collection":[{"href":"https:\/\/rdnews.al\/index.php\/wp-json\/wp\/v2\/posts"}],"about":[{"href":"https:\/\/rdnews.al\/index.php\/wp-json\/wp\/v2\/types\/post"}],"author":[{"embeddable":true,"href":"https:\/\/rdnews.al\/index.php\/wp-json\/wp\/v2\/users\/4"}],"replies":[{"embeddable":true,"href":"https:\/\/rdnews.al\/index.php\/wp-json\/wp\/v2\/comments?post=105453"}],"version-history":[{"count":1,"href":"https:\/\/rdnews.al\/index.php\/wp-json\/wp\/v2\/posts\/105453\/revisions"}],"predecessor-version":[{"id":105454,"href":"https:\/\/rdnews.al\/index.php\/wp-json\/wp\/v2\/posts\/105453\/revisions\/105454"}],"wp:featuredmedia":[{"embeddable":true,"href":"https:\/\/rdnews.al\/index.php\/wp-json\/wp\/v2\/media\/104239"}],"wp:attachment":[{"href":"https:\/\/rdnews.al\/index.php\/wp-json\/wp\/v2\/media?parent=105453"}],"wp:term":[{"taxonomy":"category","embeddable":true,"href":"https:\/\/rdnews.al\/index.php\/wp-json\/wp\/v2\/categories?post=105453"},{"taxonomy":"post_tag","embeddable":true,"href":"https:\/\/rdnews.al\/index.php\/wp-json\/wp\/v2\/tags?post=105453"}],"curies":[{"name":"wp","href":"https:\/\/api.w.org\/{rel}","templated":true}]}}