{"id":105475,"date":"2025-02-23T18:09:02","date_gmt":"2025-02-23T18:09:02","guid":{"rendered":"https:\/\/rdnews.al\/?p=105475"},"modified":"2025-02-23T18:09:02","modified_gmt":"2025-02-23T18:09:02","slug":"berisha-athina-ka-sot-shqiptare-me-shume-se-ne-cdo-kryeqytet-se-cdo-qytet-tjeter-jashte-shqiperise","status":"publish","type":"post","link":"https:\/\/rdnews.al\/index.php\/2025\/02\/23\/berisha-athina-ka-sot-shqiptare-me-shume-se-ne-cdo-kryeqytet-se-cdo-qytet-tjeter-jashte-shqiperise\/","title":{"rendered":"Berisha: Athina ka sot shqiptar\u00eb m\u00eb shum\u00eb se n\u00eb \u00e7do kryeqytet, se \u00e7do qytet tjet\u00ebr jasht\u00eb Shqip\u00ebris\u00eb"},"content":{"rendered":"<p>Kryetari i Partis\u00eb Demokratike, Sali Berisha ka mbajtur fjal\u00ebn e tij n\u00eb takimin me shqiptar\u00ebt e Greqis\u00eb, ku ka vler\u00ebsuar me nderim t\u00eb madh Athin\u00ebn dhe autoritetet p\u00ebr pritjen e shqiptar\u00ebve nd\u00ebr vite.<\/p>\n<p>Berisha tha se, p\u00ebrulem me nderimin m\u00eb t\u00eb madh, Athina ka sot shqiptar\u00eb m\u00eb shum\u00eb se n\u00eb \u00e7do kryeqytet, se \u00e7do qytet tjet\u00ebr jasht\u00eb Shqip\u00ebris\u00eb.<\/p>\n<p>\u201cT\u00eb dashur qytetar\u00eb dhe qytetare shqiptar\u00eb, minoritar grek dhe \u00e7am t\u00eb pranish\u00ebm n\u00eb k\u00ebt\u00eb sall\u00eb.<\/p>\n<p>Nj\u00eb mir\u00ebnjohje t\u00eb pakufishme p\u00ebr k\u00ebt\u00eb pritje v\u00ebllaz\u00ebrore ju, t\u00eb jasht\u00ebzakonshme.<\/p>\n<p>Faleminderit shum\u00eb!<\/p>\n<p>T\u00eb dashur drejtues t\u00eb PD, aleat\u00eb, Dule, zot\u00ebrinj deputet\u00eb, Beleri, miq, \u00ebsht\u00eb nder i ve\u00e7ant\u00eb, nder i madh, t\u00eb p\u00ebrsh\u00ebndes sot nga kjo sall\u00eb, nga kjo tribun\u00eb, shqiptar\u00ebt n\u00eb Athin\u00eb, shqiptar\u00ebt n\u00eb t\u00eb 4-an\u00ebt e Greqis\u00eb, shqiptar\u00ebt kudo q\u00eb jan\u00eb sot, tu p\u00ebrcjell p\u00ebrsh\u00ebndetjet m\u00eb t\u00eb zjarrta nga Athina, qyteti i lavdis\u00eb s\u00eb p\u00ebrjetshme, djepi i qytet\u00ebrimit per\u00ebndimor, djepi i mendimit filozofik, shkenc\u00ebs, artit, kultur\u00ebs, sportit, ligjit dhe t\u00eb gjitha fushave.<\/p>\n<p>Por un\u00eb dua t\u00eb p\u00ebrulem me nderimin m\u00eb t\u00eb madh sot, para qytetar\u00ebve grek\u00eb t\u00eb k\u00ebtij qyteti, sepse miq, sepse Athina n\u00eb k\u00ebto vite ka treguar zemr\u00ebn m\u00eb t\u00eb hapur, bujarin\u00eb m\u00eb t\u00eb madhe ndaj shqiptar\u00ebve.<\/p>\n<p>Ajo ka sot shqiptar\u00eb m\u00eb shum\u00eb se n\u00eb \u00e7do kryeqytet, se n\u00eb \u00e7do qytet tjet\u00ebr jasht\u00eb Shqip\u00ebris\u00eb.<\/p>\n<p>Miq!<\/p>\n<p>13 vite m\u00eb par\u00eb kam qen\u00eb k\u00ebtu dhe m\u00ebsova se, shqiptar\u00ebt n\u00eb k\u00ebt\u00eb qytet posedonin 360 mij\u00eb apartamente, shqiptar\u00ebt n\u00eb k\u00ebt\u00eb qytet, jan\u00eb b\u00ebr\u00eb pjes\u00eb e k\u00ebtij qyteti. Edhe nj\u00ebher\u00eb e theksoj, qytet i p\u00ebrjetsh\u00ebm ndaj dhe vet\u00ebm mir\u00ebnjohje p\u00ebr qytetar\u00ebt dhe autoritet e k\u00ebtij vendi\u201d, u shpreh Berisha.<\/p>\n","protected":false},"excerpt":{"rendered":"<p>Kryetari i Partis\u00eb Demokratike, Sali Berisha ka mbajtur fjal\u00ebn e tij n\u00eb takimin me shqiptar\u00ebt e Greqis\u00eb, ku ka vler\u00ebsuar me nderim t\u00eb madh Athin\u00ebn dhe autoritetet p\u00ebr pritjen e shqiptar\u00ebve nd\u00ebr vite. Berisha tha se, p\u00ebrulem me nderimin m\u00eb t\u00eb madh, Athina ka sot shqiptar\u00eb m\u00eb shum\u00eb se n\u00eb \u00e7do kryeqytet, se \u00e7do qytet &hellip;<\/p>\n","protected":false},"author":4,"featured_media":105476,"comment_status":"closed","ping_status":"closed","sticky":false,"template":"","format":"standard","meta":{"footnotes":""},"categories":[37],"tags":[],"class_list":["post-105475","post","type-post","status-publish","format-standard","has-post-thumbnail","","category-politike"],"_links":{"self":[{"href":"https:\/\/rdnews.al\/index.php\/wp-json\/wp\/v2\/posts\/105475","targetHints":{"allow":["GET"]}}],"collection":[{"href":"https:\/\/rdnews.al\/index.php\/wp-json\/wp\/v2\/posts"}],"about":[{"href":"https:\/\/rdnews.al\/index.php\/wp-json\/wp\/v2\/types\/post"}],"author":[{"embeddable":true,"href":"https:\/\/rdnews.al\/index.php\/wp-json\/wp\/v2\/users\/4"}],"replies":[{"embeddable":true,"href":"https:\/\/rdnews.al\/index.php\/wp-json\/wp\/v2\/comments?post=105475"}],"version-history":[{"count":1,"href":"https:\/\/rdnews.al\/index.php\/wp-json\/wp\/v2\/posts\/105475\/revisions"}],"predecessor-version":[{"id":105477,"href":"https:\/\/rdnews.al\/index.php\/wp-json\/wp\/v2\/posts\/105475\/revisions\/105477"}],"wp:featuredmedia":[{"embeddable":true,"href":"https:\/\/rdnews.al\/index.php\/wp-json\/wp\/v2\/media\/105476"}],"wp:attachment":[{"href":"https:\/\/rdnews.al\/index.php\/wp-json\/wp\/v2\/media?parent=105475"}],"wp:term":[{"taxonomy":"category","embeddable":true,"href":"https:\/\/rdnews.al\/index.php\/wp-json\/wp\/v2\/categories?post=105475"},{"taxonomy":"post_tag","embeddable":true,"href":"https:\/\/rdnews.al\/index.php\/wp-json\/wp\/v2\/tags?post=105475"}],"curies":[{"name":"wp","href":"https:\/\/api.w.org\/{rel}","templated":true}]}}