{"id":105478,"date":"2025-02-23T18:14:47","date_gmt":"2025-02-23T18:14:47","guid":{"rendered":"https:\/\/rdnews.al\/?p=105478"},"modified":"2025-02-23T18:22:26","modified_gmt":"2025-02-23T18:22:26","slug":"berisha-me-shqiptaret-ne-athine-takimi-me-ju-eshte-takimi-me-prekes-takimi-me-sakrificen-mbinjerezore-te-njeriut","status":"publish","type":"post","link":"https:\/\/rdnews.al\/index.php\/2025\/02\/23\/berisha-me-shqiptaret-ne-athine-takimi-me-ju-eshte-takimi-me-prekes-takimi-me-sakrificen-mbinjerezore-te-njeriut\/","title":{"rendered":"Berisha me shqiptar\u00ebt n\u00eb Athin\u00eb: Takimi me ju \u00ebsht\u00eb takimi m\u00eb prek\u00ebs, takimi me sakrific\u00ebn mbinjer\u00ebzore t\u00eb njeriut!"},"content":{"rendered":"<p>Lideri i opozit\u00ebs, Sali Berisha vler\u00ebsoi shqiptar\u00ebt e emigruar n\u00eb Greqi dhe Athin\u00eb dhe pun\u00ebn e tyre nd\u00ebr vite, pas r\u00ebnies s\u00eb komunizmit n\u00eb Shqip\u00ebri.<\/p>\n<p>Berisha gjat\u00eb fjal\u00ebs s\u00eb tij n\u00eb takimin me diaspor\u00ebn n\u00eb Greqi tha se, ju u shnd\u00ebrruat n\u00eb nj\u00eb faktor shum\u00eb t\u00eb r\u00ebnd\u00ebsish\u00ebm t\u00eb zhvillimit ekonomik n\u00eb Greqi\u2019, theksoi.<\/p>\n<p>\u201cT\u00eb dashur miq!<\/p>\n<p>Takimi me ju \u00ebsht\u00eb takimi m\u00eb prek\u00ebs, m\u00eb mall\u00ebngjyes, \u00ebsht\u00eb takimi me sakrific\u00ebn mbinjer\u00ebzore t\u00eb njeriut.<\/p>\n<p>Ju n\u00eb nj\u00eb koh\u00eb kur diktatura kishte shnd\u00ebrruar kombin shqiptar me nj\u00eb rraskapitje t\u00eb madhe, pothuajse fantaz\u00ebm, n\u00eb nj\u00eb koh\u00eb kur ajo p\u00ebr dekada kishte vjell\u00eb vrer dhe demonizuar sa asnj\u00eb komb tjet\u00ebr, fqinjin ton\u00eb mij\u00ebravje\u00e7ar, ju v\u00ebrshuat drejt k\u00ebtij vendi p\u00ebr t\u00eb gjetur shp\u00ebtim nga dhimbjet e tmerrshme q\u00eb krijonte varf\u00ebria e tejskajshme e trash\u00ebguar nga diktatura.<\/p>\n<p>Ju sfiduat \u00e7do gj\u00eb, \u00e7do mashtrim, \u00e7do dezinformim dhe erdh\u00ebt drejt nj\u00eb t\u00eb panjohure. Njer\u00ebz q\u00eb gjuh\u00ebn nuk e dinit, njer\u00ebz q\u00eb profesionet e k\u00ebrkuara nuk i kishit, por u prit\u00ebt nga mir\u00ebprit\u00ebsit tuaj, u prit\u00ebt nga qytetar\u00ebt e k\u00ebtij vendi dhe me nj\u00eb shpejt\u00ebsi t\u00eb rrufeshme ju u shnd\u00ebrruat dora dor\u00ebs n\u00eb nj\u00eb faktor shum\u00eb t\u00eb r\u00ebnd\u00ebsish\u00ebm t\u00eb zhvillimit ekonomik dhe lumenjt\u00eb e djers\u00ebs q\u00eb ju derdh\u00ebt mor\u00ebn vler\u00ebsimin m\u00eb t\u00eb lart\u00eb n\u00eb t\u00eb gjitha fushat e k\u00ebtij vendi, nd\u00ebrtim, turiz\u00ebm, bujq\u00ebsi.<\/p>\n<p>Sot nga ju n\u00eb \u00e7do fush\u00eb ka personalitete t\u00eb shquara, ka k\u00ebng\u00ebtar\u00eb, artist\u00eb, piktor\u00eb, shkrimtar\u00eb, sportist\u00eb, q\u00eb nderojn\u00eb Greqin\u00eb n\u00eb t\u00eb gjitha garat me t\u00eb cil\u00ebt Shqip\u00ebria krenohet dhe do t\u00eb krenohet.<\/p>\n<p>Historia po p\u00ebrs\u00ebritet.<\/p>\n<p>Ne jemi n\u00eb sall\u00ebn q\u00eb mban emrin e nj\u00eb greke-shqiptare t\u00eb famshme, Melina M\u00ebrkuri. Melina t\u00eb tjera, Irena Papas t\u00eb tjera, do t\u00eb dalin nga ju me t\u00eb cilat do t\u00eb krenohet Greqia, do t\u00eb krenohet Shqip\u00ebria\u201d, tha Berisha.<\/p>\n","protected":false},"excerpt":{"rendered":"<p>Lideri i opozit\u00ebs, Sali Berisha vler\u00ebsoi shqiptar\u00ebt e emigruar n\u00eb Greqi dhe Athin\u00eb dhe pun\u00ebn e tyre nd\u00ebr vite, pas r\u00ebnies s\u00eb komunizmit n\u00eb Shqip\u00ebri. Berisha gjat\u00eb fjal\u00ebs s\u00eb tij n\u00eb takimin me diaspor\u00ebn n\u00eb Greqi tha se, ju u shnd\u00ebrruat n\u00eb nj\u00eb faktor shum\u00eb t\u00eb r\u00ebnd\u00ebsish\u00ebm t\u00eb zhvillimit ekonomik n\u00eb Greqi\u2019, theksoi. \u201cT\u00eb dashur &hellip;<\/p>\n","protected":false},"author":4,"featured_media":105479,"comment_status":"closed","ping_status":"closed","sticky":false,"template":"","format":"standard","meta":{"footnotes":""},"categories":[37],"tags":[],"class_list":["post-105478","post","type-post","status-publish","format-standard","has-post-thumbnail","","category-politike"],"_links":{"self":[{"href":"https:\/\/rdnews.al\/index.php\/wp-json\/wp\/v2\/posts\/105478","targetHints":{"allow":["GET"]}}],"collection":[{"href":"https:\/\/rdnews.al\/index.php\/wp-json\/wp\/v2\/posts"}],"about":[{"href":"https:\/\/rdnews.al\/index.php\/wp-json\/wp\/v2\/types\/post"}],"author":[{"embeddable":true,"href":"https:\/\/rdnews.al\/index.php\/wp-json\/wp\/v2\/users\/4"}],"replies":[{"embeddable":true,"href":"https:\/\/rdnews.al\/index.php\/wp-json\/wp\/v2\/comments?post=105478"}],"version-history":[{"count":2,"href":"https:\/\/rdnews.al\/index.php\/wp-json\/wp\/v2\/posts\/105478\/revisions"}],"predecessor-version":[{"id":105481,"href":"https:\/\/rdnews.al\/index.php\/wp-json\/wp\/v2\/posts\/105478\/revisions\/105481"}],"wp:featuredmedia":[{"embeddable":true,"href":"https:\/\/rdnews.al\/index.php\/wp-json\/wp\/v2\/media\/105479"}],"wp:attachment":[{"href":"https:\/\/rdnews.al\/index.php\/wp-json\/wp\/v2\/media?parent=105478"}],"wp:term":[{"taxonomy":"category","embeddable":true,"href":"https:\/\/rdnews.al\/index.php\/wp-json\/wp\/v2\/categories?post=105478"},{"taxonomy":"post_tag","embeddable":true,"href":"https:\/\/rdnews.al\/index.php\/wp-json\/wp\/v2\/tags?post=105478"}],"curies":[{"name":"wp","href":"https:\/\/api.w.org\/{rel}","templated":true}]}}