{"id":105482,"date":"2025-02-23T18:32:56","date_gmt":"2025-02-23T18:32:56","guid":{"rendered":"https:\/\/rdnews.al\/?p=105482"},"modified":"2025-02-23T18:46:44","modified_gmt":"2025-02-23T18:46:44","slug":"berisha-nga-athina-nese-kishte-marreveshje-qe-fitonin-te-dy-palet-ishte-ajo-qe-beme-ne-per-detin","status":"publish","type":"post","link":"https:\/\/rdnews.al\/index.php\/2025\/02\/23\/berisha-nga-athina-nese-kishte-marreveshje-qe-fitonin-te-dy-palet-ishte-ajo-qe-beme-ne-per-detin\/","title":{"rendered":"Berisha nga Athina: N\u00ebse kishte marr\u00ebveshje q\u00eb fitonin t\u00eb dy pal\u00ebt, ishte ajo q\u00eb b\u00ebm\u00eb ne p\u00ebr detin"},"content":{"rendered":"<p>Lideri i opozit\u00ebs, Sali Berisha gjat\u00eb takimit me shqiptar\u00ebt n\u00eb Athin\u00eb, u ndal edhe te marr\u00ebveshja e detit, duke theksuar se marr\u00ebveshja e b\u00ebr\u00eb n\u00eb koh\u00ebn e qeverisjes s\u00eb PD-s\u00eb, ishte mar\u00ebveshja q\u00eb fitonin edhe Shqip\u00ebria edhe Greqia.<\/p>\n<p>Berisha tha se,n\u00ebse kishte marr\u00ebveshje q\u00eb fitonin t\u00eb dy pal\u00ebt, ishte ajo q\u00eb b\u00ebm\u00eb ne p\u00ebr detin.<\/p>\n<p>\u201cT\u00eb dashur miq!<\/p>\n<p>Mir\u00ebnjohja ime p\u00ebr ju dhe e \u00e7do shqiptari \u00ebsht\u00eb e pakufishme sepse ju erdh\u00ebt k\u00ebtu dhe nj\u00eb pjes\u00eb t\u00eb mir\u00eb t\u00eb fitimeve tuaja ju i kaluat tek familjet tuaja n\u00eb Shqip\u00ebri.<\/p>\n<p>Ju u b\u00ebt\u00eb pjes\u00eb e r\u00ebnd\u00ebsishme e investimeve dhe nd\u00ebrtimit t\u00eb Shqip\u00ebris\u00eb.<\/p>\n<p>Miqt\u00eb e mi!<\/p>\n<p>Partia Demokratike u themelua n\u00eb vitet \u201990, por ju nuk duhet t\u00eb harroni se mb\u00ebshtet\u00ebsi i par\u00eb i opozit\u00ebs shqiptare, mb\u00ebshtet\u00ebsi i par\u00eb i pluralizmit politik n\u00eb Shqip\u00ebri nga arena nd\u00ebrkomb\u00ebtare ka qen\u00eb Kostandin Mitsotaqis, i cili do t\u00eb ishte kryeministri i par\u00eb q\u00eb do t\u00eb takonte lidershipin disa javor t\u00eb PD-s\u00eb.<\/p>\n<p>Kostandin Mitsotaqis ishte kryeministri i par\u00eb n\u00eb Europ\u00eb dhe bot\u00eb q\u00eb do t\u00eb priste n\u00eb Selanik, Ibrahim Rugov\u00ebn.<\/p>\n<p>Panorama e marr\u00ebdh\u00ebnieve tona \u00ebsht\u00eb padiskutim panorama e dy kombeve mike, e dy vendeve mike.<\/p>\n<p>PD n\u00eb k\u00ebt\u00eb rast dua t\u00eb theksoj, se marr\u00ebdh\u00ebniet mes dy fqinj\u00ebve nuk jan\u00eb asnj\u00ebher\u00eb linare, njohin uljet dhe zbritjet, por n\u00eb \u00e7do koh\u00eb n\u00eb pushtet, PD me qeverin\u00eb e k\u00ebtij vendi ka njohur nj\u00eb dialog konstruktiv dhe nj\u00eb vullnet p\u00ebr t\u00eb dialoguar pa asnj\u00eb tabu p\u00ebr \u00e7do \u00e7\u00ebshtje.<\/p>\n<p>Ky vullnet b\u00ebri q\u00eb n\u00eb mars 1996 t\u00eb firmosnim me presidentin e Greqis\u00eb, Stefanopullos traktatin e miq\u00ebsis\u00eb dhe bashk\u00ebpunimit.<\/p>\n<p>Traktat q\u00eb u jepte p\u00ebrgjigjen ligjore m\u00eb t\u00eb mir\u00eb, t\u00eb gjitha marr\u00ebdh\u00ebnieve mes dy vendeve, probleme q\u00eb duheshin zgjidhur dhe t\u00eb ardhmes s\u00eb shk\u00eblqyer t\u00eb k\u00ebtyre marr\u00ebdh\u00ebnieve.<\/p>\n<p>PD po n\u00eb k\u00ebt\u00eb frym\u00eb, rikthyer n\u00eb pushtet firmosi me autoritetet e k\u00ebtij vendi, marr\u00ebveshjen e detit.<\/p>\n<p>Un\u00eb ju them k\u00ebtu v\u00ebllez\u00ebr dhe motra, ajo \u00ebsht\u00eb marr\u00ebveshja m\u00eb e mir\u00eb q\u00eb ka firmosur Shqip\u00ebria ndonj\u00ebher\u00eb me fqinj\u00ebt e saj.<\/p>\n<p>Natyrisht do t\u00eb ishte absurde q\u00eb t\u00eb firmosej nj\u00eb marr\u00ebveshje q\u00eb Greqia t\u00eb humbiste dhe Shqip\u00ebria t\u00eb humbiste.<\/p>\n<p>Ja pra q\u00eb ka nj\u00eb marr\u00ebveshje kur fitojn\u00eb t\u00eb dy pal\u00ebt dhe n\u00ebse kishte marr\u00ebveshje q\u00eb fitonin t\u00eb dy pal\u00ebt ishte marr\u00ebveshja q\u00eb b\u00ebm\u00eb ne p\u00ebr zonat ekonomike dhe detin.<\/p>\n<p>K\u00ebt\u00eb marr\u00ebveshje e p\u00ebrmbysi Edi Rama. Jo vet\u00ebm e p\u00ebrmbysi marr\u00ebveshjen, por kur gjykata e hodhi posht\u00eb, qeverit\u00eb greke p\u00ebr hir t\u00eb s\u00eb v\u00ebrtet\u00ebs e qendr\u00ebs s\u00eb djatht\u00eb dhe t\u00eb majt\u00eb respektivisht, ram\u00eb dakord q\u00eb t\u00eb shkonim n\u00eb Hag\u00eb, sepse n\u00eb Kushtetut\u00eb ligji nd\u00ebrkomb\u00ebtar mbizot\u00ebron dhe t\u00eb merrnim sanksionim n\u00eb Gjykat\u00ebn e Hag\u00ebs.<\/p>\n<p>\u00c7far\u00eb b\u00ebri? Jo tha. Do t\u00eb b\u00ebjm\u00eb nj\u00eb marr\u00ebveshje m\u00eb t\u00eb mir\u00eb. U tregua nj\u00eb sharlatan, negocioi tre vite dhe n\u00eb fund i thot\u00eb ministrit t\u00eb Jasht\u00ebm se, nuk e firmosim dot, se kemi nj\u00eb vendim t\u00eb Gjykat\u00ebs Kushtetuese.<\/p>\n<p>Ju garantoj ju se ajo marr\u00ebveshje me PD-n\u00eb n\u00eb pushtet do t\u00eb finalizohet dhe marr\u00ebdh\u00ebniet mes Greqis\u00eb dhe Shqip\u00ebris\u00eb do t\u00eb jen\u00eb shum\u00eb t\u00eb mira\u201d, u shpreh Berisha.<\/p>\n<p><strong>\u00a0<\/strong><\/p>\n","protected":false},"excerpt":{"rendered":"<p>Lideri i opozit\u00ebs, Sali Berisha gjat\u00eb takimit me shqiptar\u00ebt n\u00eb Athin\u00eb, u ndal edhe te marr\u00ebveshja e detit, duke theksuar se marr\u00ebveshja e b\u00ebr\u00eb n\u00eb koh\u00ebn e qeverisjes s\u00eb PD-s\u00eb, ishte mar\u00ebveshja q\u00eb fitonin edhe Shqip\u00ebria edhe Greqia. Berisha tha se,n\u00ebse kishte marr\u00ebveshje q\u00eb fitonin t\u00eb dy pal\u00ebt, ishte ajo q\u00eb b\u00ebm\u00eb ne p\u00ebr detin. &hellip;<\/p>\n","protected":false},"author":4,"featured_media":105489,"comment_status":"closed","ping_status":"closed","sticky":false,"template":"","format":"standard","meta":{"footnotes":""},"categories":[37],"tags":[],"class_list":["post-105482","post","type-post","status-publish","format-standard","has-post-thumbnail","","category-politike"],"_links":{"self":[{"href":"https:\/\/rdnews.al\/index.php\/wp-json\/wp\/v2\/posts\/105482","targetHints":{"allow":["GET"]}}],"collection":[{"href":"https:\/\/rdnews.al\/index.php\/wp-json\/wp\/v2\/posts"}],"about":[{"href":"https:\/\/rdnews.al\/index.php\/wp-json\/wp\/v2\/types\/post"}],"author":[{"embeddable":true,"href":"https:\/\/rdnews.al\/index.php\/wp-json\/wp\/v2\/users\/4"}],"replies":[{"embeddable":true,"href":"https:\/\/rdnews.al\/index.php\/wp-json\/wp\/v2\/comments?post=105482"}],"version-history":[{"count":1,"href":"https:\/\/rdnews.al\/index.php\/wp-json\/wp\/v2\/posts\/105482\/revisions"}],"predecessor-version":[{"id":105485,"href":"https:\/\/rdnews.al\/index.php\/wp-json\/wp\/v2\/posts\/105482\/revisions\/105485"}],"wp:featuredmedia":[{"embeddable":true,"href":"https:\/\/rdnews.al\/index.php\/wp-json\/wp\/v2\/media\/105489"}],"wp:attachment":[{"href":"https:\/\/rdnews.al\/index.php\/wp-json\/wp\/v2\/media?parent=105482"}],"wp:term":[{"taxonomy":"category","embeddable":true,"href":"https:\/\/rdnews.al\/index.php\/wp-json\/wp\/v2\/categories?post=105482"},{"taxonomy":"post_tag","embeddable":true,"href":"https:\/\/rdnews.al\/index.php\/wp-json\/wp\/v2\/tags?post=105482"}],"curies":[{"name":"wp","href":"https:\/\/api.w.org\/{rel}","templated":true}]}}