{"id":105486,"date":"2025-02-23T18:36:35","date_gmt":"2025-02-23T18:36:35","guid":{"rendered":"https:\/\/rdnews.al\/?p=105486"},"modified":"2025-02-23T18:36:35","modified_gmt":"2025-02-23T18:36:35","slug":"merz-deklaron-fitoren-e-zgjedhjeve-nga-cdu-csu-ne-gjermani","status":"publish","type":"post","link":"https:\/\/rdnews.al\/index.php\/2025\/02\/23\/merz-deklaron-fitoren-e-zgjedhjeve-nga-cdu-csu-ne-gjermani\/","title":{"rendered":"Merz deklaron fitoren e zgjedhjeve nga CDU\/CSU n\u00eb Gjermani"},"content":{"rendered":"<p>Ne i fituam zgjedhjet\u201d. K\u00ebshtu ka deklaruar lideri i CDU\/CSU, Friedrich Merz, n\u00eb vijim t\u00eb exit poll-eve p\u00ebr votimin e sot\u00ebm n\u00eb zgjedhjet politike gjermane. Merz pranon se &#8220;gj\u00ebrat nuk do t\u00eb jen\u00eb t\u00eb lehta&#8221; p\u00ebr t\u00eb formuar nj\u00eb qeveri. Ne duhet ta krijojm\u00eb at\u00eb sa m\u00eb shpejt t\u00eb jet\u00eb e mundur me nj\u00eb shumic\u00eb adekuate parlamentare, sepse bota nuk na pret. Gjermania do t\u00eb b\u00ebhet s\u00ebrish e besueshme\u201d.<\/p>\n<p>Kreu i AfD: \u201cGati p\u00ebr t&#8217;iu bashkuar qeveris\u00eb\u201d<\/p>\n<p>&#8220;Ne do t\u00eb jemi gjithmon\u00eb t\u00eb gatsh\u00ebm t\u00eb jemi pjes\u00eb e nj\u00eb qeverie q\u00eb d\u00ebshiron t\u00eb zbatoj\u00eb vullnetin e popullit&#8221;: tha Alice Weidel, liderja e ekstremit t\u00eb djatht\u00eb AfD, duke folur me aktivist\u00ebt e partis\u00eb menj\u00ebher\u00eb pas publikimit t\u00eb rezultateve t\u00eb para zgjedhore.<\/p>\n<p>Exit poll, 187 vende CDU\/CSU, 131 AfD, 108 SPD<\/p>\n<p>Sondazhet p\u00ebr zgjedhjet e p\u00ebrgjithshme gjermane t\u00eb publikuara nga ZDF caktojn\u00eb 187 vende n\u00eb Bundestag p\u00ebr CDU\/CSU, 131 p\u00ebr AfD, 108 p\u00ebr SPD, 79 p\u00ebr t\u00eb Gjelb\u00ebrit, 59 p\u00ebr t\u00eb Majt\u00ebn dhe 33 p\u00ebr FDP dhe BSW, n\u00ebse ata konfirmojn\u00eb se kan\u00eb arritur nivelin e 5%. Ndryshe votat e dy partive do t\u00eb rishp\u00ebrndaheshin mes forcave t\u00eb tjera politike. Duhet theksuar se, fal\u00eb sistemit t\u00eb p\u00ebrzier zgjedhor n\u00eb fuqi n\u00eb Gjermani, \u00ebsht\u00eb e mundur t\u00eb humbas\u00ebsh p\u00ebr pak pragun dhe t\u00eb hysh ende n\u00eb Parlament, si\u00e7 ndodhi me t\u00eb majt\u00ebn n\u00eb 2021.<\/p>\n","protected":false},"excerpt":{"rendered":"<p>Ne i fituam zgjedhjet\u201d. K\u00ebshtu ka deklaruar lideri i CDU\/CSU, Friedrich Merz, n\u00eb vijim t\u00eb exit poll-eve p\u00ebr votimin e sot\u00ebm n\u00eb zgjedhjet politike gjermane. Merz pranon se &#8220;gj\u00ebrat nuk do t\u00eb jen\u00eb t\u00eb lehta&#8221; p\u00ebr t\u00eb formuar nj\u00eb qeveri. Ne duhet ta krijojm\u00eb at\u00eb sa m\u00eb shpejt t\u00eb jet\u00eb e mundur me nj\u00eb shumic\u00eb &hellip;<\/p>\n","protected":false},"author":3,"featured_media":105487,"comment_status":"closed","ping_status":"closed","sticky":false,"template":"","format":"standard","meta":{"footnotes":""},"categories":[38],"tags":[],"class_list":["post-105486","post","type-post","status-publish","format-standard","has-post-thumbnail","","category-bota"],"_links":{"self":[{"href":"https:\/\/rdnews.al\/index.php\/wp-json\/wp\/v2\/posts\/105486","targetHints":{"allow":["GET"]}}],"collection":[{"href":"https:\/\/rdnews.al\/index.php\/wp-json\/wp\/v2\/posts"}],"about":[{"href":"https:\/\/rdnews.al\/index.php\/wp-json\/wp\/v2\/types\/post"}],"author":[{"embeddable":true,"href":"https:\/\/rdnews.al\/index.php\/wp-json\/wp\/v2\/users\/3"}],"replies":[{"embeddable":true,"href":"https:\/\/rdnews.al\/index.php\/wp-json\/wp\/v2\/comments?post=105486"}],"version-history":[{"count":1,"href":"https:\/\/rdnews.al\/index.php\/wp-json\/wp\/v2\/posts\/105486\/revisions"}],"predecessor-version":[{"id":105488,"href":"https:\/\/rdnews.al\/index.php\/wp-json\/wp\/v2\/posts\/105486\/revisions\/105488"}],"wp:featuredmedia":[{"embeddable":true,"href":"https:\/\/rdnews.al\/index.php\/wp-json\/wp\/v2\/media\/105487"}],"wp:attachment":[{"href":"https:\/\/rdnews.al\/index.php\/wp-json\/wp\/v2\/media?parent=105486"}],"wp:term":[{"taxonomy":"category","embeddable":true,"href":"https:\/\/rdnews.al\/index.php\/wp-json\/wp\/v2\/categories?post=105486"},{"taxonomy":"post_tag","embeddable":true,"href":"https:\/\/rdnews.al\/index.php\/wp-json\/wp\/v2\/tags?post=105486"}],"curies":[{"name":"wp","href":"https:\/\/api.w.org\/{rel}","templated":true}]}}