{"id":105490,"date":"2025-02-23T18:48:24","date_gmt":"2025-02-23T18:48:24","guid":{"rendered":"https:\/\/rdnews.al\/?p=105490"},"modified":"2025-02-23T18:48:24","modified_gmt":"2025-02-23T18:48:24","slug":"berisha-rama-arrestoi-fredi-belerin-per-shkak-te-kanionit-te-gjipese-qe-e-kishte-marre-pa-asnje-akt-trashegimie","status":"publish","type":"post","link":"https:\/\/rdnews.al\/index.php\/2025\/02\/23\/berisha-rama-arrestoi-fredi-belerin-per-shkak-te-kanionit-te-gjipese-qe-e-kishte-marre-pa-asnje-akt-trashegimie\/","title":{"rendered":"Berisha: Rama arrestoi Fredi Belerin p\u00ebr shkak t\u00eb kanionit t\u00eb Gjipes\u00eb, q\u00eb e kishte marr\u00eb pa asnj\u00eb akt trash\u00ebgimie"},"content":{"rendered":"<p>Kryetari i PD, Sali Berisha akuzoi Edi Ram\u00ebn se me urdh\u00ebr t\u00eb tij u arrestua kryebashkiaku fitues i Himar\u00ebs, Fredi Beleri, p\u00ebr interesa personale t\u00eb kryeministrit q\u00eb lidheshin me Kanionin e Gjipes\u00eb.<\/p>\n<p>Berisha tha se, Rama arrestoi Fredi Belerin p\u00ebr shkak t\u00eb kanionit t\u00eb Gjipes\u00eb, q\u00eb e kishte marr\u00eb pa asnj\u00eb akt trash\u00ebgimie apo konfiskimi.<\/p>\n<p>\u201cMiqt\u00eb e mi!<\/p>\n<p>Ne jetojm\u00eb n\u00eb nj\u00eb koh\u00eb kur lirit\u00eb dhe t\u00eb drejtat jan\u00eb vlerat m\u00eb themelore t\u00eb njeriut t\u00eb lir\u00eb, t\u00eb shoq\u00ebrive t\u00eb lira.<\/p>\n<p>\u00c7far\u00eb ndodhi n\u00eb Shqip\u00ebri? N\u00eb Shqip\u00ebri ndodhi nj\u00eb akt, q\u00eb p\u00ebrve\u00e7 net\u00ebve m\u00eb t\u00eb zeza t\u00eb diktatur\u00ebs komuniste nuk mund t\u00eb ndodhte tjet\u00ebr.<\/p>\n<p>U b\u00eb gara p\u00ebr pushtetin vendor. Opozita kandidoi Fredi Belerin n\u00eb Himar\u00eb. Edi Rama e kishte ftuar Fredi Belerin p\u00ebr ta afruar, por Beleri kishte pik\u00ebpamjet e tij t\u00eb qendr\u00ebs s\u00eb djatht\u00eb dhe nuk mund t\u00eb devijonte q\u00ebndrimin e tij.<\/p>\n<p>Tani, nuk po ndalem tek fushata e turpshme q\u00eb b\u00ebri, sepse ishte nj\u00eb fushat\u00eb vet\u00ebposht\u00ebruese p\u00ebr at\u00eb q\u00eb b\u00ebnte nj\u00eb fushat\u00eb t\u00eb atill\u00eb ndaj Fredi Beleri.<\/p>\n<p>Zgjohem n\u00eb dat\u00ebn 15 dhe shikoj nj\u00eb zonj\u00eb e tronditur n\u00eb palc\u00eb, n\u00ebn\u00eb e tre f\u00ebmij\u00ebve, kryefamiljare kishin shkuar n\u00eb 2 t\u00eb nat\u00ebs dhe e kishin nxjerr\u00eb nga shtrati i f\u00ebmij\u00ebve duke besuar se mund ta bindnin t\u00eb d\u00ebshmoj\u00eb se ka shitur vot\u00ebn.<\/p>\n<p>N\u00ebna q\u00eb nuk kishte takuar kurr\u00eb njeri tjet\u00ebr, e kishin hequr nga shtrati n\u00eb 2 t\u00eb nat\u00ebs dhe e kishin \u00e7uar n\u00eb Vlor\u00eb.\u00a0 As nuk pyeta fare, sa pash\u00eb at\u00eb sken\u00eb, kjo \u00ebsht\u00eb sken\u00eb tipike e sigurimit t\u00eb shtetit, e asaj policie t\u00eb urryer q\u00eb ka terrorizuar shqiptar\u00ebt 46 vite dhe ishte turpi i turpit.<\/p>\n<p>E ka th\u00ebn\u00eb Ni\u00e7e, streha e fundit e horrave \u00ebsht\u00eb nacionalizmi.<\/p>\n<p>Tani ky do ta mbulonte me nacionaliz\u00ebm grabitjen e mandatit t\u00eb Belerit.<\/p>\n<p>\u00c7far\u00eb q\u00ebndronte mbrapa? Ta dini ju, ta din\u00eb shqiptar\u00ebt dhe e gjith\u00eb bota. Kanioni i Gjipes\u00eb. Po. Un\u00eb u skandalizova nga ajo sken\u00eb q\u00eb pash\u00eb miq.<\/p>\n<p>Po merrte mandatin, nuk e linte t\u00eb betohej, nd\u00ebrkoh\u00eb q\u00eb \u00e7do shqiptar i burgosur gjat\u00eb 34 viteve q\u00eb nuk ishte d\u00ebnuar, ishte betuar p\u00ebr kryetar\u00a0 bashkie, deputet se kushtetuta nuk e ndalon. K\u00ebt\u00eb nuk e lejonte t\u00eb betohej n\u00eb asnj\u00eb m\u00ebnyr\u00eb.<\/p>\n<p>Un\u00eb deklaroj se pas k\u00ebtij akti q\u00ebndronin interesa mafioze.<\/p>\n<p>Nj\u00eb gazetar guximtar investigativ na nxjerr se Edi Rama pa asnj\u00eb dokument kadastral, as t\u00eb sulltanit, as t\u00eb mbretit as t\u00eb diktatur\u00ebs, pa asnj\u00eb dokument konfiskimi kishte marr\u00eb me emrin e n\u00ebn\u00ebs s\u00eb tij t\u00eb ndjer\u00eb, kanionin e Gjipes\u00eb. Dhe kur ra n\u00eb qark, thoshte se ku \u00ebsht\u00eb atje lart, sikur ishte n\u00eb maj\u00eb t\u00eb \u00c7ik\u00ebs, kanioni ishte buz\u00eb ujit 224 mij\u00eb met\u00ebr katror tok\u00eb.<\/p>\n<p>Ja pra miq se cila ishte p\u00ebr Edi Ram\u00ebn interesi i marr\u00ebdh\u00ebnieve me Greqin\u00eb, ja pra se cili ishte interesi i bashk\u00ebjetes\u00ebs tuaj me grek\u00ebt n\u00eb k\u00ebt\u00eb tok\u00eb.<\/p>\n<p>Cili ishte interesi i marr\u00ebdh\u00ebnieve tona me vendin fqinj, q\u00eb 34 vite rresht pavar\u00ebsisht ndonj\u00eb problemi, kurr\u00eb nuk kishte ngurruar s\u00eb ndihmuari Shqip\u00ebrin\u00eb, qoft\u00eb n\u00eb integrimin Europian, qoft\u00eb n\u00eb fusha t\u00eb tjera.<\/p>\n<p>Tani duhej ti vinim flak\u00ebn marr\u00ebdh\u00ebnieve p\u00ebr kanionin e Gjipes\u00eb. Absolutisht.<\/p>\n<p>\u00c7far\u00eb ndodhi pastaj me Petron. 6200 zgjedh\u00ebs t\u00eb cil\u00ebt n\u00eb \u00e7do zgjedhje kan\u00eb marr\u00eb pjes\u00eb n\u00eb votime se u shtyhet afati, i la pa votuar vet\u00ebm q\u00eb t\u00eb humbiste Petroja t\u00eb cilin e votuan qytetar\u00ebt e Himar\u00ebs, nuk e votuan t\u00eb tjer\u00ebt. Se \u00e7b\u00ebri ai, e di vet\u00eb.<\/p>\n<p>Pra a mund t\u00eb nd\u00ebrtohen marr\u00ebdh\u00ebniet mbi parime t\u00eb tilla, mbi terror policor, a mund t\u00eb nd\u00ebrtohen marr\u00ebdh\u00ebniet mbi rrembim mandatesh.<\/p>\n<p>Beleri nuk \u00ebsht\u00eb rasti i par\u00eb. Ku \u00ebsht\u00eb Spiro Ksero, nj\u00eb njeri i ndersh\u00ebm, nj\u00eb minist\u00ebr eficent, absolutisht i d\u00ebnuar p\u00ebr q\u00ebllime politike.<\/p>\n<p>Por prisni, \u00ebsht\u00eb i vetmi qytetar n\u00eb Republik\u00ebn e Shqip\u00ebris\u00eb q\u00eb \u00ebsht\u00eb d\u00ebnuar 1 vit burg dhe 8 vite heqjen e t\u00eb drejt\u00ebs s\u00eb zgjedhjes.<\/p>\n<p>E kuptoni ju, sepse Spiro Ksera kishte nj\u00eb autoritet n\u00eb Gjirokast\u00ebr si tek minoritar\u00ebt jo tek minoritar\u00ebt dhe meqen\u00ebse p\u00ebrb\u00ebnte nj\u00eb problem elektoral urdh\u00ebron ta ndalonte 8 vite t\u00eb mos kandidoj\u00eb. Pse u ndala n\u00eb k\u00ebto raste. U ndala sepse narkodiktatori shqiptar nuk ka p\u00ebrve\u00e7 interesave t\u00eb tij dhe pushtetit t\u00eb tij, asnj\u00eb interes komb\u00ebtar, asnj\u00eb interes qytetar \u00ebsht\u00eb i gatsh\u00ebm t\u00eb b\u00ebj\u00eb dhe t\u00eb nd\u00ebrmarr\u00eb \u00e7do vendim\u201d, u shpreh Berisha.<\/p>\n","protected":false},"excerpt":{"rendered":"<p>Kryetari i PD, Sali Berisha akuzoi Edi Ram\u00ebn se me urdh\u00ebr t\u00eb tij u arrestua kryebashkiaku fitues i Himar\u00ebs, Fredi Beleri, p\u00ebr interesa personale t\u00eb kryeministrit q\u00eb lidheshin me Kanionin e Gjipes\u00eb. Berisha tha se, Rama arrestoi Fredi Belerin p\u00ebr shkak t\u00eb kanionit t\u00eb Gjipes\u00eb, q\u00eb e kishte marr\u00eb pa asnj\u00eb akt trash\u00ebgimie apo konfiskimi. &hellip;<\/p>\n","protected":false},"author":4,"featured_media":105491,"comment_status":"closed","ping_status":"closed","sticky":false,"template":"","format":"standard","meta":{"footnotes":""},"categories":[37],"tags":[],"class_list":["post-105490","post","type-post","status-publish","format-standard","has-post-thumbnail","","category-politike"],"_links":{"self":[{"href":"https:\/\/rdnews.al\/index.php\/wp-json\/wp\/v2\/posts\/105490","targetHints":{"allow":["GET"]}}],"collection":[{"href":"https:\/\/rdnews.al\/index.php\/wp-json\/wp\/v2\/posts"}],"about":[{"href":"https:\/\/rdnews.al\/index.php\/wp-json\/wp\/v2\/types\/post"}],"author":[{"embeddable":true,"href":"https:\/\/rdnews.al\/index.php\/wp-json\/wp\/v2\/users\/4"}],"replies":[{"embeddable":true,"href":"https:\/\/rdnews.al\/index.php\/wp-json\/wp\/v2\/comments?post=105490"}],"version-history":[{"count":1,"href":"https:\/\/rdnews.al\/index.php\/wp-json\/wp\/v2\/posts\/105490\/revisions"}],"predecessor-version":[{"id":105492,"href":"https:\/\/rdnews.al\/index.php\/wp-json\/wp\/v2\/posts\/105490\/revisions\/105492"}],"wp:featuredmedia":[{"embeddable":true,"href":"https:\/\/rdnews.al\/index.php\/wp-json\/wp\/v2\/media\/105491"}],"wp:attachment":[{"href":"https:\/\/rdnews.al\/index.php\/wp-json\/wp\/v2\/media?parent=105490"}],"wp:term":[{"taxonomy":"category","embeddable":true,"href":"https:\/\/rdnews.al\/index.php\/wp-json\/wp\/v2\/categories?post=105490"},{"taxonomy":"post_tag","embeddable":true,"href":"https:\/\/rdnews.al\/index.php\/wp-json\/wp\/v2\/tags?post=105490"}],"curies":[{"name":"wp","href":"https:\/\/api.w.org\/{rel}","templated":true}]}}