{"id":105493,"date":"2025-02-23T18:56:31","date_gmt":"2025-02-23T18:56:31","guid":{"rendered":"https:\/\/rdnews.al\/?p=105493"},"modified":"2025-02-23T18:56:31","modified_gmt":"2025-02-23T18:56:31","slug":"berisha-diaspores-ju-jeni-zeri-me-i-fuqishem-shpresa-me-e-madhe-per-shqiperine-dhe-shqiptaret","status":"publish","type":"post","link":"https:\/\/rdnews.al\/index.php\/2025\/02\/23\/berisha-diaspores-ju-jeni-zeri-me-i-fuqishem-shpresa-me-e-madhe-per-shqiperine-dhe-shqiptaret\/","title":{"rendered":"Berisha-Diaspor\u00ebs: Ju jeni z\u00ebri m\u00eb i fuqish\u00ebm, shpresa m\u00eb e madhe p\u00ebr Shqip\u00ebrin\u00eb dhe shqiptar\u00ebt!"},"content":{"rendered":"<p>Lideri i opozit\u00ebs, Sali Berisha ka shprehur vler\u00ebsimin e tij t\u00eb pakufijsh\u00ebm p\u00ebr shqiptar\u00ebt e diaspor\u00ebs gjat\u00eb takimit n\u00eb Athin\u00eb t\u00eb Greqis\u00eb n\u00eb kuad\u00ebr t\u00eb zgjedhjeve t\u00eb p\u00ebrgjithshme t\u00eb 11 majit.<\/p>\n<p>Berisha tha, ju jeni z\u00ebri m\u00eb i fuqish\u00ebm, shpresa m\u00eb e madhe p\u00ebr Shqip\u00ebrin\u00eb dhe shqiptar\u00ebt. Do ti themi Ram\u00ebs, prit diaspor\u00ebn se po vjen.<\/p>\n<p>\u201cT\u00eb dashur miq!<\/p>\n<p>Sot jemi n\u00eb nj\u00eb moment historik dhe n\u00eb fakt historin\u00eb po e b\u00ebni ju, ua them un\u00eb ju.<\/p>\n<p>\u00c7far\u00eb ndodhi me Shqip\u00ebrin\u00eb k\u00ebto vite. E mbolli nga Pogoni n\u00eb Alpe n\u00eb kufi me Plav\u00ebn e mbolli kanabis n\u00eb vitin 2015.<\/p>\n<p>Klanet e kanabisit v\u00ebrshuan drejt Amerik\u00ebs Latine.<\/p>\n<p>Klanet m\u00eb t\u00eb fuqishme t\u00eb drog\u00ebs, Sinaloa etj., u pushtuan nga shqiptar\u00ebt e Edi Ram\u00ebs.<\/p>\n<p>Ligji u asgj\u00ebsua. Opozita e cila duhej t\u00eb ngrinte z\u00ebrin u godit me t\u00eb gjitha mjetet.<\/p>\n<p>Gjykatat u fut\u00ebn t\u00eb gjitha n\u00eb dor\u00eb.<\/p>\n<p>Rrogat e pensionet q\u00eb ishin m\u00eb t\u00eb larta n\u00eb Rajon, zbrit\u00ebn me shpejt\u00ebsi dhe sot jan\u00eb m\u00eb t\u00eb ul\u00ebta.<\/p>\n<p>\u00c7mime stratosferike se narkoeuro, vet\u00ebm nj\u00eb mik i Edi Ram\u00ebs nga Dubai, ka transferuar 3 miliard\u00eb euro n\u00eb bankat e Europ\u00ebs. Pra ato po i largojn\u00eb shqiptar\u00ebt masivisht.<\/p>\n<p>At\u00eb q\u00eb i ka b\u00ebr\u00eb Edi Rama Shqip\u00ebris\u00eb n\u00eb memorien time, n\u00eb leximet e mia, nuk ja ka b\u00ebr\u00eb asnj\u00eb pushtues gjer sot.<\/p>\n<p>N\u00eb 10 vite ka larguar nga Shqip\u00ebria 45%. Ju po b\u00ebni historin\u00eb, por ju duhet ta dini se qyteti i Kolonj\u00ebs gjith\u00eb vitin 2023 pati vet\u00ebm nj\u00eb lindje. Shkretim t\u00eb till\u00eb nuk ka luft\u00eb, nuk ka fatkeq\u00ebsi natyrore, ti ket\u00eb b\u00ebr\u00eb nj\u00eb vendi sa i b\u00ebri narkoshteti i Edi Ram\u00ebs, Shqip\u00ebris\u00eb.<\/p>\n<p>At\u00ebher\u00eb a nuk \u00ebsht\u00eb ky armik nd\u00ebr m\u00eb t\u00eb egrit q\u00eb kemi njohur n\u00eb historin\u00eb ton\u00eb. Ndaj dhe para k\u00ebsaj alternative, para saj q\u00eb ai shqiptar\u00ebt nuk i lejon t\u00eb votoj\u00eb, z\u00ebri m\u00eb i fuqish\u00ebm, shpresa m\u00eb e madhe p\u00ebr Shqip\u00ebrin\u00eb dhe shqiptar\u00ebt jeni ju.<\/p>\n<p>\u00c7far\u00eb po shoh un\u00eb, \u00e7far\u00eb po konstatoj. Nj\u00eb gj\u00eb t\u00eb jasht\u00ebzakoshme. N\u00eb nj\u00eb Shqip\u00ebri q\u00eb p\u00ebrjeton problemet m\u00eb t\u00eb r\u00ebnda, po v\u00ebrshon drejt saj ajo dashuri q\u00eb do t\u00eb b\u00ebhet eliksiri i v\u00ebrtet\u00eb i shp\u00ebtimit t\u00eb saj.<\/p>\n<p>Ju keni nj\u00eb merit\u00eb t\u00eb madhe, e keni ruajtur at\u00eb dashuri, e keni ruajtura t\u00eb pashuar, t\u00eb pashtershme dhe kjo q\u00eb tregoni ju \u00ebsht\u00eb dashuri p\u00ebr Shqip\u00ebri. Ju ngrohni sot me k\u00ebto q\u00ebndrime, zemrat, votrat e shqiptar\u00ebve kudo q\u00eb jan\u00eb.<\/p>\n<p>Do t\u2019i themi prit diaspor\u00ebn se po vjen\u201d, u shpreh Berisha.<\/p>\n","protected":false},"excerpt":{"rendered":"<p>Lideri i opozit\u00ebs, Sali Berisha ka shprehur vler\u00ebsimin e tij t\u00eb pakufijsh\u00ebm p\u00ebr shqiptar\u00ebt e diaspor\u00ebs gjat\u00eb takimit n\u00eb Athin\u00eb t\u00eb Greqis\u00eb n\u00eb kuad\u00ebr t\u00eb zgjedhjeve t\u00eb p\u00ebrgjithshme t\u00eb 11 majit. Berisha tha, ju jeni z\u00ebri m\u00eb i fuqish\u00ebm, shpresa m\u00eb e madhe p\u00ebr Shqip\u00ebrin\u00eb dhe shqiptar\u00ebt. Do ti themi Ram\u00ebs, prit diaspor\u00ebn se po &hellip;<\/p>\n","protected":false},"author":4,"featured_media":105494,"comment_status":"closed","ping_status":"closed","sticky":false,"template":"","format":"standard","meta":{"footnotes":""},"categories":[37],"tags":[],"class_list":["post-105493","post","type-post","status-publish","format-standard","has-post-thumbnail","","category-politike"],"_links":{"self":[{"href":"https:\/\/rdnews.al\/index.php\/wp-json\/wp\/v2\/posts\/105493","targetHints":{"allow":["GET"]}}],"collection":[{"href":"https:\/\/rdnews.al\/index.php\/wp-json\/wp\/v2\/posts"}],"about":[{"href":"https:\/\/rdnews.al\/index.php\/wp-json\/wp\/v2\/types\/post"}],"author":[{"embeddable":true,"href":"https:\/\/rdnews.al\/index.php\/wp-json\/wp\/v2\/users\/4"}],"replies":[{"embeddable":true,"href":"https:\/\/rdnews.al\/index.php\/wp-json\/wp\/v2\/comments?post=105493"}],"version-history":[{"count":1,"href":"https:\/\/rdnews.al\/index.php\/wp-json\/wp\/v2\/posts\/105493\/revisions"}],"predecessor-version":[{"id":105495,"href":"https:\/\/rdnews.al\/index.php\/wp-json\/wp\/v2\/posts\/105493\/revisions\/105495"}],"wp:featuredmedia":[{"embeddable":true,"href":"https:\/\/rdnews.al\/index.php\/wp-json\/wp\/v2\/media\/105494"}],"wp:attachment":[{"href":"https:\/\/rdnews.al\/index.php\/wp-json\/wp\/v2\/media?parent=105493"}],"wp:term":[{"taxonomy":"category","embeddable":true,"href":"https:\/\/rdnews.al\/index.php\/wp-json\/wp\/v2\/categories?post=105493"},{"taxonomy":"post_tag","embeddable":true,"href":"https:\/\/rdnews.al\/index.php\/wp-json\/wp\/v2\/tags?post=105493"}],"curies":[{"name":"wp","href":"https:\/\/api.w.org\/{rel}","templated":true}]}}