{"id":105496,"date":"2025-02-23T19:10:12","date_gmt":"2025-02-23T19:10:12","guid":{"rendered":"https:\/\/rdnews.al\/?p=105496"},"modified":"2025-02-23T19:10:12","modified_gmt":"2025-02-23T19:10:12","slug":"berisha-shqiperia-u-be-kopshti-i-xhorxh-sorosit-me-edi-ramen","status":"publish","type":"post","link":"https:\/\/rdnews.al\/index.php\/2025\/02\/23\/berisha-shqiperia-u-be-kopshti-i-xhorxh-sorosit-me-edi-ramen\/","title":{"rendered":"Berisha: Shqip\u00ebria u b\u00eb kopshti i Xhorxh Sorosit me Edi Ram\u00ebn!"},"content":{"rendered":"<p>Kryetari i Partis\u00eb Demokratike, Sali Berisha, gjat\u00eb fjal\u00ebs s\u00eb tij n\u00eb takimin madh\u00ebshtor me shqiptar\u00ebt n\u00eb Athin\u00eb, u shpreh se p\u00ebrgjat\u00eb 12 viteve t\u00eb qeverisjes s\u00eb Edi Ram\u00ebs, Shqip\u00ebria u kthye n\u00eb kopshtin e Xhorxh Soros.<\/p>\n<p>Berisha tha se, Shqip\u00ebria u b\u00eb kopshti i Xhorxh Sorosit me Edi Ram\u00ebn. Q\u00eb t\u00eb gjitha kund\u00ebr opozit\u00ebs, ndaj t\u00eb gjithave opozita q\u00ebndroi e pamposhtur.<\/p>\n<p>\u201cMiq!<\/p>\n<p>Donald Trump gjat\u00eb fushat\u00ebs ka th\u00ebn\u00eb nj\u00eb nga gj\u00ebrat m\u00eb t\u00eb m\u00ebdha q\u00eb nj\u00eb politikan ka th\u00ebn\u00eb nd\u00ebr koh\u00ebra.<\/p>\n<p>Ka qen\u00eb shprehja e \u00c7\u00ebr\u00e7ill q\u00eb tha: Ne kurr\u00eb nuk do t\u00eb dor\u00ebzohemi, n\u00eb fakt q\u00eb ndryshoi kursin n\u00eb Luft\u00ebn e Dyt\u00eb Bot\u00ebrore.<\/p>\n<p>Ishte shprehja e Ronald Regan n\u00eb port\u00ebn e Branderburgut; Gorba\u00e7ov rr\u00ebzoje k\u00ebt\u00eb mur se, liria gjermane \u00ebsht\u00eb \u00e7\u00ebshtje e liris\u00eb s\u00eb njer\u00ebzimit. Muri u rr\u00ebzua, Gjermania u b\u00eb e lir\u00eb, lokomotiva e Europ\u00ebs.<\/p>\n<p>Ishte Gorba\u00e7ovi me nj\u00eb kurajo mbinjer\u00ebzore q\u00eb doli e tha, Rusia e Bashkimit Sovjetik \u00ebsht\u00eb b\u00ebr\u00eb toka e askujt, as e popullit rus as e mumuthit Parti Komuniste.<\/p>\n<p>Donald Trump; armiku m\u00eb i rreziksh\u00ebm \u00ebsht\u00eb armiku i brendsh\u00ebm. Kush ishte ky armik, ata q\u00eb deri dje ne i quanim p\u00ebr miq, ata jan\u00eb.<\/p>\n<p>Pse e tha k\u00ebt\u00eb. Ai q\u00eb t\u00eb prek lirin\u00eb \u00ebsht\u00eb armik. Cilido q\u00eb t\u00eb prek lirin\u00eb, vendas apo i huaj \u00ebsht\u00eb armik dhe vet\u00ebm armik.<\/p>\n<p>Vendi i madh i liris\u00eb u p\u00ebrball me dhunime t\u00eb liris\u00eb. Filloi censura. Aty ku fillon censura, fillon diktatura.<\/p>\n<p>Rrjetet sociale krijuan ekipe p\u00ebr t\u00eb censuruar. Eksponent\u00eb t\u00eb r\u00ebnd\u00ebsish\u00ebm t\u00eb politik\u00ebs, na duhet censura. Antony Blinken firmoste me ministrin e Jasht\u00ebm memorandumin e censur\u00ebs.<\/p>\n<p>Pastaj kjo ishte nj\u00ebra an\u00eb. \u2018\u00cboke culture\u2019, kultura q\u00eb e kishim par\u00eb gjat\u00eb revolucionit kulturor kinez q\u00eb p\u00ebrmbysnin statuja, simbole \u00e7do gj\u00eb.<\/p>\n<p>Pastaj p\u00ebrtej Marksit. Gjinia njer\u00ebzore duhet t\u00eb ndryshohet. Marksi nuk e ka patur k\u00ebt\u00eb, Marksi ishte p\u00ebr njeriun e ri, por jo p\u00ebr t\u00eb nd\u00ebrhyr\u00eb n\u00eb gjini. Kaluan dhe Marksin.<\/p>\n<p>T\u00eb gjitha erdh\u00ebn n\u00eb Shqip\u00ebri. Shqip\u00ebria u b\u00eb kopshti i Xhorxh Sorosit me Edi Ram\u00ebn. Q\u00eb t\u00eb gjitha kund\u00ebr opozit\u00ebs, ndaj t\u00eb gjithave opozita q\u00ebndroi e pamposhtur\u201d, tha Berisha.<\/p>\n","protected":false},"excerpt":{"rendered":"<p>Kryetari i Partis\u00eb Demokratike, Sali Berisha, gjat\u00eb fjal\u00ebs s\u00eb tij n\u00eb takimin madh\u00ebshtor me shqiptar\u00ebt n\u00eb Athin\u00eb, u shpreh se p\u00ebrgjat\u00eb 12 viteve t\u00eb qeverisjes s\u00eb Edi Ram\u00ebs, Shqip\u00ebria u kthye n\u00eb kopshtin e Xhorxh Soros. Berisha tha se, Shqip\u00ebria u b\u00eb kopshti i Xhorxh Sorosit me Edi Ram\u00ebn. Q\u00eb t\u00eb gjitha kund\u00ebr opozit\u00ebs, ndaj &hellip;<\/p>\n","protected":false},"author":4,"featured_media":105497,"comment_status":"closed","ping_status":"closed","sticky":false,"template":"","format":"standard","meta":{"footnotes":""},"categories":[37],"tags":[],"class_list":["post-105496","post","type-post","status-publish","format-standard","has-post-thumbnail","","category-politike"],"_links":{"self":[{"href":"https:\/\/rdnews.al\/index.php\/wp-json\/wp\/v2\/posts\/105496","targetHints":{"allow":["GET"]}}],"collection":[{"href":"https:\/\/rdnews.al\/index.php\/wp-json\/wp\/v2\/posts"}],"about":[{"href":"https:\/\/rdnews.al\/index.php\/wp-json\/wp\/v2\/types\/post"}],"author":[{"embeddable":true,"href":"https:\/\/rdnews.al\/index.php\/wp-json\/wp\/v2\/users\/4"}],"replies":[{"embeddable":true,"href":"https:\/\/rdnews.al\/index.php\/wp-json\/wp\/v2\/comments?post=105496"}],"version-history":[{"count":1,"href":"https:\/\/rdnews.al\/index.php\/wp-json\/wp\/v2\/posts\/105496\/revisions"}],"predecessor-version":[{"id":105498,"href":"https:\/\/rdnews.al\/index.php\/wp-json\/wp\/v2\/posts\/105496\/revisions\/105498"}],"wp:featuredmedia":[{"embeddable":true,"href":"https:\/\/rdnews.al\/index.php\/wp-json\/wp\/v2\/media\/105497"}],"wp:attachment":[{"href":"https:\/\/rdnews.al\/index.php\/wp-json\/wp\/v2\/media?parent=105496"}],"wp:term":[{"taxonomy":"category","embeddable":true,"href":"https:\/\/rdnews.al\/index.php\/wp-json\/wp\/v2\/categories?post=105496"},{"taxonomy":"post_tag","embeddable":true,"href":"https:\/\/rdnews.al\/index.php\/wp-json\/wp\/v2\/tags?post=105496"}],"curies":[{"name":"wp","href":"https:\/\/api.w.org\/{rel}","templated":true}]}}