{"id":105499,"date":"2025-02-23T19:21:28","date_gmt":"2025-02-23T19:21:28","guid":{"rendered":"https:\/\/rdnews.al\/?p=105499"},"modified":"2025-02-23T19:21:28","modified_gmt":"2025-02-23T19:21:28","slug":"berisha-ne-3-muajt-e-pare-mjerimi-do-te-marre-fund-shqiperia-i-ka-fondet-por-po-ja-marrin-hajdutet","status":"publish","type":"post","link":"https:\/\/rdnews.al\/index.php\/2025\/02\/23\/berisha-ne-3-muajt-e-pare-mjerimi-do-te-marre-fund-shqiperia-i-ka-fondet-por-po-ja-marrin-hajdutet\/","title":{"rendered":"Berisha: N\u00eb 3 muajt e par\u00eb mjerimi do t\u00eb marr\u00eb fund! Shqip\u00ebria i ka fondet, por po ja marrin hajdut\u00ebt!"},"content":{"rendered":"<p>Lideri i opozit\u00ebs, Sali Berisha, nga takimi madh\u00ebshtor me shqiptar\u00ebt n\u00eb Athin\u00eb, premtoi se n\u00eb 3 muajt e par\u00eb t\u00eb qeverisjes s\u00eb PD-s\u00eb, do t\u00eb marr\u00eb fund mjerimi n\u00eb Shqip\u00ebri.<\/p>\n<p>Berisha tha se, n\u00eb 3 muaj e par\u00eb mjerimi do t\u00eb marr\u00eb fund n\u00eb Shqip\u00ebri, sepse Shqip\u00ebria i ka fondet, por po ja marrin hajdut\u00ebt.<\/p>\n<p>\u201cNdaj miq, thash\u00eb dhe nj\u00ebher\u00eb, ju po b\u00ebni historin\u00eb se kjo dashuri q\u00eb tregoni ju, n\u00eb k\u00ebto takime ndaj vendit tuaj, ky optimiz\u00ebm, ky entuziaz\u00ebm \u00ebsht\u00eb eliksiri i fitores s\u00eb 11 majit.<\/p>\n<p>Dhe ju garantoj ju, se ajo fitore do t\u00eb jet\u00eb nj\u00eb fitore historike p\u00ebr Shqip\u00ebrin\u00eb e shqiptar\u00ebt, p\u00ebr \u00e7do shqiptar kudo q\u00eb ndodhet. P\u00ebr marr\u00ebdh\u00ebniet e shk\u00eblqyera mes Shqip\u00ebris\u00eb e Greqis\u00eb dhe fqinj\u00ebve tan\u00eb. Po miq.<\/p>\n<p>Ju garantoj se, me programin ton\u00eb, n\u00eb 3 muaj e par\u00eb mjerimi do t\u00eb marr\u00eb fund n\u00eb Shqip\u00ebri, nuk do t\u00eb ket\u00eb m\u00eb varf\u00ebri ekstreme. Ju garantoj se, familjar\u00ebt tuaj nuk do ken\u00eb m\u00eb nevoj\u00eb t\u00eb blen\u00eb ila\u00e7et dhe kafshat\u00ebn me parat\u00eb tuaja.<\/p>\n<p>Jo mor jo, do i marrin n\u00eb Shqip\u00ebri se, i ka Shqip\u00ebria fondet, por po ja marrin hajdut\u00ebt.<\/p>\n<p>Ne do t\u00eb kthejm\u00eb Shqip\u00ebrin\u00eb n\u00eb nj\u00eb Shqip\u00ebri ku jetohet.<\/p>\n<p>Ne do t\u00eb kthejm\u00eb Shqip\u00ebrin\u00eb n\u00eb nj\u00eb Shqip\u00ebri ku shqiptar\u00ebt \u00ebnd\u00ebrrat e tyre do ti b\u00ebjn\u00eb realitet n\u00eb vendin e tyre.<\/p>\n<p>Miq ne n\u00eb 2013 kishim rrogat m\u00eb t\u00eb larta se t\u00eb gjitha vendet e rajonit p\u00ebrfshir\u00eb Bullgarin\u00eb dhe Rumanin\u00eb.<\/p>\n<p>Po sot ku jan\u00eb. Sot rroga mesatare n\u00eb Rumani, q\u00eb n\u00eb asokohe ishte 800 lej, \u00ebsht\u00eb 3300 lej.<\/p>\n<p>Sot pensioni n\u00eb Malin e Zi q\u00eb asokohe ishte 150 euro, \u00ebsht\u00eb 450 euro.<\/p>\n<p>Sot pensioni n\u00eb Serbi \u00ebsht\u00eb 330 euro.<\/p>\n<p>Po \u00e7far\u00eb ndodhi me shqiptar\u00ebt, si ka mund\u00ebsi. Ka mund\u00ebsi miqt\u00eb e mi, se p\u00ebr Edi Ram\u00ebn jan\u00eb qenie inekzistente.<\/p>\n<p>Sepse qeveria thot\u00eb do t\u00eb nd\u00ebrtoj\u00eb djeg\u00ebsin e Tiran\u00ebs, 130 mln euro, asnj\u00eb tull\u00eb nuk \u00ebsht\u00eb hedhur, parat\u00eb jan\u00eb vjedhur.<\/p>\n<p>Sepse tenderat\u00a0 i marrin drejtor\u00ebt e bashkis\u00eb 100%. I vjedhin 100%.<\/p>\n<p>Sepse rruga kushton 10-fishin krahasuar me nj\u00eb vend t\u00eb BE.<\/p>\n<p>Sepse ai p\u00ebr vete udh\u00ebton me avion taksi, shpenzon 20 mln euro, shpenzon 120 mij\u00eb pensione. Sepse ai hap shishen, 33 mij\u00eb euro shishen q\u00eb p\u00ebrve\u00e7 sulltan\u00ebve dhe sheik\u00ebve, e miliardier\u00ebve nuk i hap njeri tjet\u00ebr.<\/p>\n<p>Sepse p\u00ebr vete ai, blen vazo p\u00ebr oborrin 5 mln euro.<\/p>\n<p>Sepse ka nj\u00eb jav\u00eb q\u00eb sillet e p\u00ebrcillet p\u00ebr t\u00eb mbrojtur garderob\u00ebn 1 mln euro t\u00eb Lajla Asadit t\u00eb Tiran\u00ebs.<\/p>\n<p>U ndala n\u00eb k\u00ebto aspekte p\u00ebr t\u00eb ju th\u00ebn\u00eb se ku jan\u00eb parat\u00eb. Ky \u00ebsht\u00eb projekti i pare\u201d, u shpreh Berisha.<\/p>\n","protected":false},"excerpt":{"rendered":"<p>Lideri i opozit\u00ebs, Sali Berisha, nga takimi madh\u00ebshtor me shqiptar\u00ebt n\u00eb Athin\u00eb, premtoi se n\u00eb 3 muajt e par\u00eb t\u00eb qeverisjes s\u00eb PD-s\u00eb, do t\u00eb marr\u00eb fund mjerimi n\u00eb Shqip\u00ebri. Berisha tha se, n\u00eb 3 muaj e par\u00eb mjerimi do t\u00eb marr\u00eb fund n\u00eb Shqip\u00ebri, sepse Shqip\u00ebria i ka fondet, por po ja marrin hajdut\u00ebt. &hellip;<\/p>\n","protected":false},"author":4,"featured_media":105500,"comment_status":"closed","ping_status":"closed","sticky":false,"template":"","format":"standard","meta":{"footnotes":""},"categories":[37],"tags":[],"class_list":["post-105499","post","type-post","status-publish","format-standard","has-post-thumbnail","","category-politike"],"_links":{"self":[{"href":"https:\/\/rdnews.al\/index.php\/wp-json\/wp\/v2\/posts\/105499","targetHints":{"allow":["GET"]}}],"collection":[{"href":"https:\/\/rdnews.al\/index.php\/wp-json\/wp\/v2\/posts"}],"about":[{"href":"https:\/\/rdnews.al\/index.php\/wp-json\/wp\/v2\/types\/post"}],"author":[{"embeddable":true,"href":"https:\/\/rdnews.al\/index.php\/wp-json\/wp\/v2\/users\/4"}],"replies":[{"embeddable":true,"href":"https:\/\/rdnews.al\/index.php\/wp-json\/wp\/v2\/comments?post=105499"}],"version-history":[{"count":1,"href":"https:\/\/rdnews.al\/index.php\/wp-json\/wp\/v2\/posts\/105499\/revisions"}],"predecessor-version":[{"id":105501,"href":"https:\/\/rdnews.al\/index.php\/wp-json\/wp\/v2\/posts\/105499\/revisions\/105501"}],"wp:featuredmedia":[{"embeddable":true,"href":"https:\/\/rdnews.al\/index.php\/wp-json\/wp\/v2\/media\/105500"}],"wp:attachment":[{"href":"https:\/\/rdnews.al\/index.php\/wp-json\/wp\/v2\/media?parent=105499"}],"wp:term":[{"taxonomy":"category","embeddable":true,"href":"https:\/\/rdnews.al\/index.php\/wp-json\/wp\/v2\/categories?post=105499"},{"taxonomy":"post_tag","embeddable":true,"href":"https:\/\/rdnews.al\/index.php\/wp-json\/wp\/v2\/tags?post=105499"}],"curies":[{"name":"wp","href":"https:\/\/api.w.org\/{rel}","templated":true}]}}