{"id":105504,"date":"2025-02-23T19:47:16","date_gmt":"2025-02-23T19:47:16","guid":{"rendered":"https:\/\/rdnews.al\/?p=105504"},"modified":"2025-02-23T21:12:46","modified_gmt":"2025-02-23T21:12:46","slug":"berisha-ju-kete-dimer-ia-keni-kthyer-shqiperise-ne-pranvere-dhe-11-majin-ne-fitoren-historike","status":"publish","type":"post","link":"https:\/\/rdnews.al\/index.php\/2025\/02\/23\/berisha-ju-kete-dimer-ia-keni-kthyer-shqiperise-ne-pranvere-dhe-11-majin-ne-fitoren-historike\/","title":{"rendered":"Berisha: Me 11 maj rr\u00ebzojme diktatur\u00ebn e dyt\u00eb"},"content":{"rendered":"<p>Kryetari i PD, Sali Berisha vler\u00ebsoi angazhimin e shqiptar\u00ebve t\u00eb diaspor\u00ebs p\u00ebr t\u00eb votuar n\u00eb zgjedhjet e p\u00ebrgjithshme t\u00eb 11 majit, duke theksuar se \u2018k\u00ebt\u00eb dim\u00ebr ia kan\u00eb kthyer Shqip\u00ebris\u00eb n\u00eb pranver\u00eb\u2019.<\/p>\n<p>Berisha n\u00eb fund t\u00eb fjal\u00ebs s\u00eb tij gjat\u00eb takimit madh\u00ebshtor me shqiptar\u00ebt e Athin\u00ebs tha se, ju k\u00ebt\u00eb dim\u00ebr, ia keni kthyer Shqip\u00ebris\u00eb n\u00eb pranver\u00eb, dhe 11 majin n\u00eb fitoren historike, n\u00eb fitoren m\u00eb t\u00eb thell\u00eb.<\/p>\n<p><strong>Berisha:<\/strong>\u00a0Do t\u00eb punojm\u00eb fort p\u00ebr t\u00eb ju garantuar ju ruajtjen e gjuh\u00ebs kudo q\u00eb jeni.<\/p>\n<p>P\u00ebr t\u00eb garantuar pensionet kudo q\u00eb jeni, pa diskutim. Dhe jam i bindur se do ti realizojm\u00eb. Me qeverin\u00eb e k\u00ebtij vendi, me dialog konstruktiv kemi trajtuar \u00e7do problem dhe e kemi v\u00ebn\u00eb n\u00eb rrug\u00eb zgjidhje \u00e7do problem, dhe do t\u00eb v\u00ebm\u00eb edhe k\u00ebt\u00eb, kjo \u00ebsht\u00eb nj\u00eb e drejt\u00eb.<\/p>\n<p>Ju garantoj se, ju sot jemi student\u00eb t\u00eb shk\u00eblqyer, ju jeni sot nd\u00ebr ushtarak\u00ebt m\u00eb t\u00eb aft\u00eb n\u00eb ushtrin\u00eb greke, q\u00eb do mbroni Greqin\u00eb, ju jeni sot njer\u00ebz q\u00eb keni firm\u00ebn, vul\u00ebn tuaj, s\u00eb bashku me qytetar\u00ebt e Greqis\u00eb n\u00eb transformimin e madh t\u00eb Greqis\u00eb.<\/p>\n<p>Shqip\u00ebria pret me padurim investimet tuaja, Shqip\u00ebria pret me padurim investimet greke.<\/p>\n<p>Mos harroni se pati nj\u00eb t\u00eb kaluar zhvillimesh shum\u00eb intensive.<\/p>\n<p>Kompanit\u00eb greke mor\u00ebn pjes\u00eb n\u00eb vepra t\u00eb m\u00ebdha infrastrukture. Bankat greke ishin nd\u00ebr m\u00eb t\u00eb zhvilluarat. Investimet greke n\u00eb t\u00eb gjitha fushat.<\/p>\n<p>Nj\u00eb nga nj\u00eb u larguan se me mafian nuk merret ask\u00ebrkush. Prap do t\u00eb kthehen, prap\u00eb do t\u00eb vijn\u00eb n\u00eb Tiran\u00eb. Dhe forcimi i marr\u00ebdh\u00ebnieve ekonomike mes dy vendeve \u00ebsht\u00eb nj\u00eb garanci p\u00ebr marr\u00ebdh\u00ebnie t\u00eb shk\u00eblqyera n\u00eb t\u00eb gjitha fushat.<\/p>\n<p>T\u00eb dashur miq!<\/p>\n<p>11 maji po afron, po ju q\u00eb ja b\u00ebt\u00eb dimrin, pranver\u00eb Shqip\u00ebris\u00eb, k\u00ebt\u00eb dim\u00ebr i\u2018a keni kthyer Shqip\u00ebris\u00eb n\u00eb pranver\u00eb.<\/p>\n<p>Midis jush qytetar\u00ebve shqiptar\u00eb n\u00eb diaspor\u00eb dhe emigracion dhe student\u00ebve liberator t\u00eb viti 1990, edhe ata e kthyen at\u00eb dim\u00ebr n\u00eb pranver\u00eb. Edhe po e ktheni k\u00ebt\u00eb dim\u00ebr n\u00eb pranver\u00eb dhe Majin n\u00eb fitoren historike, n\u00eb fitoren m\u00eb t\u00eb thell\u00eb.<\/p>\n<p>Dhe t\u00eb gjith\u00eb ju do t\u00eb mbeteni krenar gjith\u00eb jet\u00ebn se rr\u00ebzuat dy diktatura, rr\u00ebzuat diktatur\u00ebn komuniste, rr\u00ebzuat diktatur\u00ebn e drog\u00ebs, krimit dhe vjedhjes s\u00eb shqiptar\u00ebve t\u00eb Edi Ram\u00ebs.<\/p>\n<p>Fitore, fitore, fitore!<\/p>\n<p>\u00cbsht\u00eb radha jon\u00eb.<\/p>\n<p>Zoti e bekoft\u00eb Shqip\u00ebrin\u00eb.<\/p>\n<p>Zoti e bekoft\u00eb Greqin\u00eb.<\/p>\n<p>Zoti ju bekoft\u00eb ju, miqt\u00eb tuaj kudo q\u00eb jan\u00eb.<\/p>\n<p>Faleminderit shum\u00eb.<\/p>\n","protected":false},"excerpt":{"rendered":"<p>Kryetari i PD, Sali Berisha vler\u00ebsoi angazhimin e shqiptar\u00ebve t\u00eb diaspor\u00ebs p\u00ebr t\u00eb votuar n\u00eb zgjedhjet e p\u00ebrgjithshme t\u00eb 11 majit, duke theksuar se \u2018k\u00ebt\u00eb dim\u00ebr ia kan\u00eb kthyer Shqip\u00ebris\u00eb n\u00eb pranver\u00eb\u2019. Berisha n\u00eb fund t\u00eb fjal\u00ebs s\u00eb tij gjat\u00eb takimit madh\u00ebshtor me shqiptar\u00ebt e Athin\u00ebs tha se, ju k\u00ebt\u00eb dim\u00ebr, ia keni kthyer Shqip\u00ebris\u00eb &hellip;<\/p>\n","protected":false},"author":4,"featured_media":105505,"comment_status":"closed","ping_status":"closed","sticky":false,"template":"","format":"standard","meta":{"footnotes":""},"categories":[37],"tags":[],"class_list":["post-105504","post","type-post","status-publish","format-standard","has-post-thumbnail","","category-politike"],"_links":{"self":[{"href":"https:\/\/rdnews.al\/index.php\/wp-json\/wp\/v2\/posts\/105504","targetHints":{"allow":["GET"]}}],"collection":[{"href":"https:\/\/rdnews.al\/index.php\/wp-json\/wp\/v2\/posts"}],"about":[{"href":"https:\/\/rdnews.al\/index.php\/wp-json\/wp\/v2\/types\/post"}],"author":[{"embeddable":true,"href":"https:\/\/rdnews.al\/index.php\/wp-json\/wp\/v2\/users\/4"}],"replies":[{"embeddable":true,"href":"https:\/\/rdnews.al\/index.php\/wp-json\/wp\/v2\/comments?post=105504"}],"version-history":[{"count":3,"href":"https:\/\/rdnews.al\/index.php\/wp-json\/wp\/v2\/posts\/105504\/revisions"}],"predecessor-version":[{"id":105520,"href":"https:\/\/rdnews.al\/index.php\/wp-json\/wp\/v2\/posts\/105504\/revisions\/105520"}],"wp:featuredmedia":[{"embeddable":true,"href":"https:\/\/rdnews.al\/index.php\/wp-json\/wp\/v2\/media\/105505"}],"wp:attachment":[{"href":"https:\/\/rdnews.al\/index.php\/wp-json\/wp\/v2\/media?parent=105504"}],"wp:term":[{"taxonomy":"category","embeddable":true,"href":"https:\/\/rdnews.al\/index.php\/wp-json\/wp\/v2\/categories?post=105504"},{"taxonomy":"post_tag","embeddable":true,"href":"https:\/\/rdnews.al\/index.php\/wp-json\/wp\/v2\/tags?post=105504"}],"curies":[{"name":"wp","href":"https:\/\/api.w.org\/{rel}","templated":true}]}}