{"id":105507,"date":"2025-02-23T19:52:17","date_gmt":"2025-02-23T19:52:17","guid":{"rendered":"https:\/\/rdnews.al\/?p=105507"},"modified":"2025-02-23T19:52:52","modified_gmt":"2025-02-23T19:52:52","slug":"berisha-interviste-per-median-greke-ne-shqiperi-zgjedhjet-jane-nje-fares-rama-eshte-narkodiktator","status":"publish","type":"post","link":"https:\/\/rdnews.al\/index.php\/2025\/02\/23\/berisha-interviste-per-median-greke-ne-shqiperi-zgjedhjet-jane-nje-fares-rama-eshte-narkodiktator\/","title":{"rendered":"Berisha intervist\u00eb p\u00ebr median greke: N\u00eb Shqip\u00ebri zgjedhjet jan\u00eb nj\u00eb fars\u00eb! Edi Rama \u00ebsht\u00eb narkodiktator!"},"content":{"rendered":"<p>Lideri i opozit\u00ebs, Sali Berisha ka dh\u00ebn\u00eb nj\u00eb intervist\u00eb p\u00ebr Christos Mazanitis, e cila \u00ebsht\u00eb transmetuar n\u00eb buletinin kryesor t\u00eb lajmeve t\u00eb <a href=\"https:\/\/www.antenna.gr\/Politics\/article\/4\/949478\/albania-mperisa-o-rama-einai-narkodiktatoras-binteo-\" target=\"_blank\" rel=\"noopener\">ANT1<\/a>, t\u00eb diel\u00ebn e 23 shkurtit.<\/p>\n<p><em>\u201cN\u00eb\u00a0Shqip\u00ebri\u00a0zgjedhjet jan\u00eb nj\u00eb fars\u00eb. Shqip\u00ebria \u00ebsht\u00eb nj\u00eb narkoshtet, me kryenarkomanin (Edi Rama) i cili mobilizon t\u00eb gjith\u00eb vendin n\u00eb procesin zgjedhor. Ai p\u00ebrdor para p\u00ebr t\u00eb bler\u00eb vota. &#8220;Ai p\u00ebrdor mafien, kartelet m\u00eb t\u00eb k\u00ebqija mafioze, p\u00ebr t\u00eb k\u00ebrc\u00ebnuar njer\u00ebzit,&#8221;\u00a0z. Berisha.<\/em><\/p>\n<p>\u201cShqip\u00ebria ka n\u00eb burg 3 p\u00ebrfaq\u00ebsues t\u00eb opozit\u00ebs.\u00a0Fredi Beleri\u00a0\u00ebsht\u00eb rasti m\u00eb tipik i Edi Ram\u00ebs q\u00eb p\u00ebrdor policin\u00eb dhe gjyqtar\u00ebt p\u00ebr t\u00eb arritur q\u00ebllimet e tij. Rama kontrollon t\u00eb gjith\u00eb mediat dhe tani po mbyll TikTok sepse t\u00eb rinjt\u00eb po e kritikojn\u00eb. Bashk\u00ebpun\u00ebtor\u00ebt e tij jan\u00eb regjistruar se kan\u00eb bashk\u00ebpunuar me kartele meksikane. \u2018Me Sinaloan\u00a0\u2018, shtoi ai m\u00eb pas<\/p>\n<p><em>\u201cGjithmon\u00eb kam punuar dhe promovuar dialogun p\u00ebr t\u00eb zgjidhur problemet tona dhe p\u00ebr t\u00eb ecur p\u00ebrpara\u201d.\u00a0N\u00eb vitin 1996, s\u00eb bashku me presidentin Stefanopulos, kishim n\u00ebnshkruar nj\u00eb marr\u00ebveshje duke punuar p\u00ebr \u00e7\u00ebshtjen e zonave detare\u00a0dhe kishim n\u00ebnshkruar nj\u00eb marr\u00ebveshje shum\u00eb t\u00eb mir\u00eb p\u00ebr mendimin tim, n\u00eb t\u00eb cil\u00ebn ne t\u00eb dy dol\u00ebm fitues\u00a0\u201d, tha ai duke folur p\u00ebr marr\u00ebdh\u00ebniet greko-shqiptare dhe vijoi:\u00a0\u201cEdi Rama nuk iu drejtua gjykat\u00ebs nd\u00ebrkomb\u00ebtare. Grek\u00ebt u p\u00ebrpoq\u00ebn. Por Rama e pengoi. Un\u00eb do t\u00eb rivendos marr\u00ebveshjet dhe do t\u00eb bashk\u00ebpunoj me Greqin\u00eb\u201d.<\/em><\/p>\n<p>P\u00ebr rastin Beleris, ai tha se\u00a0\u201cajo q\u00eb b\u00ebri me Himarr\u00ebn ishte nj\u00eb provokim i madh, e b\u00ebri p\u00ebr arsyet e tij. Sepse Beleris nuk donte t&#8217;i jepte Ram\u00ebs kanionin e zon\u00ebs. T\u00eb cil\u00ebn e ka marr\u00eb n\u00ebna e Ram\u00ebs dhe kush\u00ebrinjt\u00eb e tij. Ajo q\u00eb pat\u00eb \u00ebsht\u00eb p\u00ebrpjekja e Ram\u00ebs p\u00ebr t\u00eb kapur nj\u00eb nga kanionet m\u00eb t\u00eb famshme. Pra Rama ka vet\u00ebm interesa mafioze\u201d,\u00a0p\u00ebrfundoi ai.<\/p>\n","protected":false},"excerpt":{"rendered":"<p>Lideri i opozit\u00ebs, Sali Berisha ka dh\u00ebn\u00eb nj\u00eb intervist\u00eb p\u00ebr Christos Mazanitis, e cila \u00ebsht\u00eb transmetuar n\u00eb buletinin kryesor t\u00eb lajmeve t\u00eb ANT1, t\u00eb diel\u00ebn e 23 shkurtit. \u201cN\u00eb\u00a0Shqip\u00ebri\u00a0zgjedhjet jan\u00eb nj\u00eb fars\u00eb. Shqip\u00ebria \u00ebsht\u00eb nj\u00eb narkoshtet, me kryenarkomanin (Edi Rama) i cili mobilizon t\u00eb gjith\u00eb vendin n\u00eb procesin zgjedhor. Ai p\u00ebrdor para p\u00ebr t\u00eb bler\u00eb &hellip;<\/p>\n","protected":false},"author":4,"featured_media":105508,"comment_status":"closed","ping_status":"closed","sticky":false,"template":"","format":"standard","meta":{"footnotes":""},"categories":[37],"tags":[],"class_list":["post-105507","post","type-post","status-publish","format-standard","has-post-thumbnail","","category-politike"],"_links":{"self":[{"href":"https:\/\/rdnews.al\/index.php\/wp-json\/wp\/v2\/posts\/105507","targetHints":{"allow":["GET"]}}],"collection":[{"href":"https:\/\/rdnews.al\/index.php\/wp-json\/wp\/v2\/posts"}],"about":[{"href":"https:\/\/rdnews.al\/index.php\/wp-json\/wp\/v2\/types\/post"}],"author":[{"embeddable":true,"href":"https:\/\/rdnews.al\/index.php\/wp-json\/wp\/v2\/users\/4"}],"replies":[{"embeddable":true,"href":"https:\/\/rdnews.al\/index.php\/wp-json\/wp\/v2\/comments?post=105507"}],"version-history":[{"count":2,"href":"https:\/\/rdnews.al\/index.php\/wp-json\/wp\/v2\/posts\/105507\/revisions"}],"predecessor-version":[{"id":105510,"href":"https:\/\/rdnews.al\/index.php\/wp-json\/wp\/v2\/posts\/105507\/revisions\/105510"}],"wp:featuredmedia":[{"embeddable":true,"href":"https:\/\/rdnews.al\/index.php\/wp-json\/wp\/v2\/media\/105508"}],"wp:attachment":[{"href":"https:\/\/rdnews.al\/index.php\/wp-json\/wp\/v2\/media?parent=105507"}],"wp:term":[{"taxonomy":"category","embeddable":true,"href":"https:\/\/rdnews.al\/index.php\/wp-json\/wp\/v2\/categories?post=105507"},{"taxonomy":"post_tag","embeddable":true,"href":"https:\/\/rdnews.al\/index.php\/wp-json\/wp\/v2\/tags?post=105507"}],"curies":[{"name":"wp","href":"https:\/\/api.w.org\/{rel}","templated":true}]}}