{"id":105511,"date":"2025-02-23T19:56:40","date_gmt":"2025-02-23T19:56:40","guid":{"rendered":"https:\/\/rdnews.al\/?p=105511"},"modified":"2025-02-23T19:57:27","modified_gmt":"2025-02-23T19:57:27","slug":"berisha-uron-kancelarin-e-ri-friedrich-merz-fitore-historike-e-cdu-csu-per-europen","status":"publish","type":"post","link":"https:\/\/rdnews.al\/index.php\/2025\/02\/23\/berisha-uron-kancelarin-e-ri-friedrich-merz-fitore-historike-e-cdu-csu-per-europen\/","title":{"rendered":"Berisha uron Kancelarin e ri t\u00eb Gjermanis\u00eb: Fitore historike e CDU\/CSU p\u00ebr Europ\u00ebn!"},"content":{"rendered":"<p>Kryetari i Partis\u00eb Demokratike, Sali Berisha ka uruar kancelarin n\u00eb ardhje t\u00eb Gjermanis\u00eb, Friedrich Merz, pas shpalljes s\u00eb exit polleve, t\u00eb cilat e nxjerrin fitues CDU\/ CSU n\u00eb zgjedhjet e sotme.<\/p>\n<p>\u2018Fitore historike e CDU\/CSU p\u00ebr Europ\u00ebn! Friedrich Merz, Kancelari i Ri i Gjermanis\u00eb. Ky \u00ebsht\u00eb nj\u00eb lajm shum\u00eb i r\u00ebnd\u00ebsish\u00ebm p\u00ebr Partin\u00eb Demokratike dhe Shqip\u00ebrin\u00eb. Timonin e vendit udh\u00ebheq\u00ebs t\u00eb Europ\u00ebs e merr kancelari konservator Merz dhe partia e tij\u2019, shkruan Berisha n\u00eb Facebook.<\/p>\n<p><strong>Postimi i plot\u00eb<\/strong><\/p>\n<p>Fitore historike e CDU\/CSU p\u00ebr Europ\u00ebn! Friedrich Merz, Kancelari i Ri i Gjermanis\u00eb.<\/p>\n<p>T\u00eb dashur miq, rezultatet e zgjedhjeve t\u00eb p\u00ebrgjithshme n\u00eb Gjermani tregojn\u00eb se fituese e k\u00ebtyre zgjedhjeve \u00ebsht\u00eb CDU\/CSU, partia aleate e Partis\u00eb Demokratike, dhe kancelari i ri i Gjermanis\u00eb do t\u00eb jet\u00eb kryetari i CDU, Friedrich Merz. Kjo \u00ebsht\u00eb nj\u00eb fitore historike p\u00ebr Gjermanin\u00eb dhe mbar\u00eb Europ\u00ebn.<\/p>\n<p>Ky \u00ebsht\u00eb nj\u00eb lajm shum\u00eb i r\u00ebnd\u00ebsish\u00ebm p\u00ebr Partin\u00eb Demokratike dhe Shqip\u00ebrin\u00eb. Timonin e vendit udh\u00ebheq\u00ebs t\u00eb Europ\u00ebs e merr kancelari konservator Merz dhe partia e tij.<\/p>\n<p>Me k\u00ebt\u00eb rast, n\u00eb em\u00ebr t\u00eb PD-s\u00eb, uroj p\u00ebrzem\u00ebrsisht partin\u00eb simot\u00ebr CDU\/CSU dhe kancelarin e ri t\u00eb Gjermanis\u00eb, Friedrich Merz, p\u00ebr k\u00ebt\u00eb fitore tep\u00ebr t\u00eb r\u00ebnd\u00ebsishme p\u00ebr Gjermanin\u00eb, mbar\u00eb Europ\u00ebn, por edhe p\u00ebr PD-n\u00eb dhe Shqip\u00ebrin\u00eb.<\/p>\n","protected":false},"excerpt":{"rendered":"<p>Kryetari i Partis\u00eb Demokratike, Sali Berisha ka uruar kancelarin n\u00eb ardhje t\u00eb Gjermanis\u00eb, Friedrich Merz, pas shpalljes s\u00eb exit polleve, t\u00eb cilat e nxjerrin fitues CDU\/ CSU n\u00eb zgjedhjet e sotme. \u2018Fitore historike e CDU\/CSU p\u00ebr Europ\u00ebn! Friedrich Merz, Kancelari i Ri i Gjermanis\u00eb. Ky \u00ebsht\u00eb nj\u00eb lajm shum\u00eb i r\u00ebnd\u00ebsish\u00ebm p\u00ebr Partin\u00eb Demokratike dhe &hellip;<\/p>\n","protected":false},"author":4,"featured_media":105512,"comment_status":"closed","ping_status":"closed","sticky":false,"template":"","format":"standard","meta":{"footnotes":""},"categories":[37],"tags":[],"class_list":["post-105511","post","type-post","status-publish","format-standard","has-post-thumbnail","","category-politike"],"_links":{"self":[{"href":"https:\/\/rdnews.al\/index.php\/wp-json\/wp\/v2\/posts\/105511","targetHints":{"allow":["GET"]}}],"collection":[{"href":"https:\/\/rdnews.al\/index.php\/wp-json\/wp\/v2\/posts"}],"about":[{"href":"https:\/\/rdnews.al\/index.php\/wp-json\/wp\/v2\/types\/post"}],"author":[{"embeddable":true,"href":"https:\/\/rdnews.al\/index.php\/wp-json\/wp\/v2\/users\/4"}],"replies":[{"embeddable":true,"href":"https:\/\/rdnews.al\/index.php\/wp-json\/wp\/v2\/comments?post=105511"}],"version-history":[{"count":2,"href":"https:\/\/rdnews.al\/index.php\/wp-json\/wp\/v2\/posts\/105511\/revisions"}],"predecessor-version":[{"id":105514,"href":"https:\/\/rdnews.al\/index.php\/wp-json\/wp\/v2\/posts\/105511\/revisions\/105514"}],"wp:featuredmedia":[{"embeddable":true,"href":"https:\/\/rdnews.al\/index.php\/wp-json\/wp\/v2\/media\/105512"}],"wp:attachment":[{"href":"https:\/\/rdnews.al\/index.php\/wp-json\/wp\/v2\/media?parent=105511"}],"wp:term":[{"taxonomy":"category","embeddable":true,"href":"https:\/\/rdnews.al\/index.php\/wp-json\/wp\/v2\/categories?post=105511"},{"taxonomy":"post_tag","embeddable":true,"href":"https:\/\/rdnews.al\/index.php\/wp-json\/wp\/v2\/tags?post=105511"}],"curies":[{"name":"wp","href":"https:\/\/api.w.org\/{rel}","templated":true}]}}