{"id":105522,"date":"2025-02-23T21:34:11","date_gmt":"2025-02-23T21:34:11","guid":{"rendered":"https:\/\/rdnews.al\/?p=105522"},"modified":"2025-02-23T21:38:10","modified_gmt":"2025-02-23T21:38:10","slug":"rama-nuk-uron-fitoren-e-cdu-csu-dhe-merz-ne-gjermani","status":"publish","type":"post","link":"https:\/\/rdnews.al\/index.php\/2025\/02\/23\/rama-nuk-uron-fitoren-e-cdu-csu-dhe-merz-ne-gjermani\/","title":{"rendered":"Rama nuk uron fitoren e CDU\/CSU dhe Merz n\u00eb Gjermani"},"content":{"rendered":"<p>Me mbarimin e zgjedhjeve n\u00eb Gjermani kan\u00eb v\u00ebrshuar edhe urimet p\u00ebr fitoren e CDU\/CSU dhe Merz. Presidenti amerikan, Trump e quajti nj\u00eb fitore t\u00eb madhe t\u00eb konservator\u00ebve.<\/p>\n<p>N\u00eb Shqip\u00ebri Kryetari i PD, Berisha e quajti nj\u00eb fitore historike, nd\u00ebrsa ai q\u00eb nuk ka reaguar deri tani \u00ebsht\u00eb kreu i qeveris\u00eb, Rama, i cili n\u00eb t\u00eb kaluar\u00ebn ka pasur marr\u00ebdh\u00ebnie problematike me deputet\u00ebt e CDU\/CSU.<\/p>\n<p>Kancelari gjerman, Olaf Scholz, pranoi humbjen e SPD-s\u00eb n\u00eb zgjedhjet federale. \u201cKy \u00ebsht\u00eb nj\u00eb rezultat i hidhur zgjedhor p\u00ebr Partin\u00eb Socialdemokrate, dhe gjithashtu edhe humbje n\u00eb zgjedhje\u201d, tha kandidati i SPD-s\u00eb p\u00ebr kancelar pas prognozave t\u00eb para\u00a0pas mbylljes s\u00eb qedrave t\u00eb votimit.<\/p>\n<p>K\u00ebto jan\u00eb parashikimet m\u00eb t\u00eb fundit t\u00eb rezultateve t\u00eb zgjedhjeve parlamentare t\u00eb p\u00ebrdit\u00ebsuara n\u00eb koh\u00eb reale.<\/p>\n<p>Sipas parashikimit t\u00eb institutit p\u00ebr demoskopin\u00eb Infratest-dimap, CDU\/CSU pritet t\u00eb\u00a0fitoj\u00eb shumic\u00ebn e votave, e ndjekur nga\u00a0AfD-ja me rreth 19.5 p\u00ebr qind.\u00a0Kurse\u00a0SPD dhe t\u00eb Gjelb\u00ebrit pritet t\u00eb fitojn\u00eb p\u00ebrkat\u00ebsisht 16.0 dhe 13.5 p\u00ebrqind t\u00eb votave.<\/p>\n<p>Sa u p\u00ebrket partive m\u00eb t\u00eb vogla, Partia E Majta ndoshta do ta kap\u00ebrcej\u00eb pragun prej pes\u00eb p\u00ebr qind dhe do t\u00eb hyj\u00eb n\u00eb parlament.<\/p>\n<p>P\u00ebr partin\u00eb liberale FDP me kandidatin kryesor Christian Lindner nuk \u00ebsht\u00eb ende e sigurt nese do t\u00eb arrijn\u00eb t\u00eb\u00a0 hyjn\u00eb n\u00eb Bundestag, pra t\u00eb kalojn\u00eb\u00a0pragun prej pes\u00eb p\u00ebrqind. Kurse\u00a0Aleanca Sahra Wagenknecht (BSW) duket se e kaloi\u00a0pragun e 5%.<\/p>\n","protected":false},"excerpt":{"rendered":"<p>Me mbarimin e zgjedhjeve n\u00eb Gjermani kan\u00eb v\u00ebrshuar edhe urimet p\u00ebr fitoren e CDU\/CSU dhe Merz. Presidenti amerikan, Trump e quajti nj\u00eb fitore t\u00eb madhe t\u00eb konservator\u00ebve. N\u00eb Shqip\u00ebri Kryetari i PD, Berisha e quajti nj\u00eb fitore historike, nd\u00ebrsa ai q\u00eb nuk ka reaguar deri tani \u00ebsht\u00eb kreu i qeveris\u00eb, Rama, i cili n\u00eb t\u00eb &hellip;<\/p>\n","protected":false},"author":3,"featured_media":105523,"comment_status":"closed","ping_status":"closed","sticky":false,"template":"","format":"standard","meta":{"footnotes":""},"categories":[38],"tags":[],"class_list":["post-105522","post","type-post","status-publish","format-standard","has-post-thumbnail","","category-bota"],"_links":{"self":[{"href":"https:\/\/rdnews.al\/index.php\/wp-json\/wp\/v2\/posts\/105522","targetHints":{"allow":["GET"]}}],"collection":[{"href":"https:\/\/rdnews.al\/index.php\/wp-json\/wp\/v2\/posts"}],"about":[{"href":"https:\/\/rdnews.al\/index.php\/wp-json\/wp\/v2\/types\/post"}],"author":[{"embeddable":true,"href":"https:\/\/rdnews.al\/index.php\/wp-json\/wp\/v2\/users\/3"}],"replies":[{"embeddable":true,"href":"https:\/\/rdnews.al\/index.php\/wp-json\/wp\/v2\/comments?post=105522"}],"version-history":[{"count":2,"href":"https:\/\/rdnews.al\/index.php\/wp-json\/wp\/v2\/posts\/105522\/revisions"}],"predecessor-version":[{"id":105526,"href":"https:\/\/rdnews.al\/index.php\/wp-json\/wp\/v2\/posts\/105522\/revisions\/105526"}],"wp:featuredmedia":[{"embeddable":true,"href":"https:\/\/rdnews.al\/index.php\/wp-json\/wp\/v2\/media\/105523"}],"wp:attachment":[{"href":"https:\/\/rdnews.al\/index.php\/wp-json\/wp\/v2\/media?parent=105522"}],"wp:term":[{"taxonomy":"category","embeddable":true,"href":"https:\/\/rdnews.al\/index.php\/wp-json\/wp\/v2\/categories?post=105522"},{"taxonomy":"post_tag","embeddable":true,"href":"https:\/\/rdnews.al\/index.php\/wp-json\/wp\/v2\/tags?post=105522"}],"curies":[{"name":"wp","href":"https:\/\/api.w.org\/{rel}","templated":true}]}}