{"id":105598,"date":"2025-02-24T12:31:56","date_gmt":"2025-02-24T12:31:56","guid":{"rendered":"https:\/\/rdnews.al\/?p=105598"},"modified":"2025-02-24T12:31:56","modified_gmt":"2025-02-24T12:31:56","slug":"berisha-safet-bajri-nuk-u-arrestua-u-dorezua-me-marreveshje-mafia-e-ka-ligj-kete","status":"publish","type":"post","link":"https:\/\/rdnews.al\/index.php\/2025\/02\/24\/berisha-safet-bajri-nuk-u-arrestua-u-dorezua-me-marreveshje-mafia-e-ka-ligj-kete\/","title":{"rendered":"Berisha: Safet Bajri nuk u arrestua, u dor\u00ebzua me marr\u00ebveshje! Mafia e ka ligj k\u00ebt\u00eb!"},"content":{"rendered":"<p>Kryetari i PD, Sali Berisha gjat\u00eb nj\u00eb konference shtypi tha se, Safet Bajri nuk u arrestua, u dor\u00ebzua me marr\u00ebveshje. Berisha tha se, mafia e ka ligj k\u00ebt\u00eb.<\/p>\n<p>\u201cSafet Bajri u dor\u00ebzua, l\u00ebri ato pun\u00eb ti.<\/p>\n<p>U dor\u00ebzua mor zot\u00ebri, k\u00ebta jan\u00eb t\u00eb paskrupullt. Ai u dor\u00ebzua\u00a0 mir\u00eb e bukur, \u00ebsht\u00eb nj\u00eb gj\u00eb krejt marr\u00ebveshje. Mos u ngut.<\/p>\n<p>Po ta kishin kapur, arrestuar, por ai u dor\u00ebzua. Ai shkoi vet\u00eb u dor\u00ebzua.<\/p>\n<p>Ata nuk dor\u00ebzohen kurr\u00eb pa marr\u00ebveshje. Harrojeni.<\/p>\n<p>Mafia e ka ligj at\u00eb, ka marr\u00ebveshje. Nuk mund t\u00eb p\u00ebrsh\u00ebndes marr\u00ebveshje un\u00eb\u201d, tha Berisha.<\/p>\n","protected":false},"excerpt":{"rendered":"<p>Kryetari i PD, Sali Berisha gjat\u00eb nj\u00eb konference shtypi tha se, Safet Bajri nuk u arrestua, u dor\u00ebzua me marr\u00ebveshje. Berisha tha se, mafia e ka ligj k\u00ebt\u00eb. \u201cSafet Bajri u dor\u00ebzua, l\u00ebri ato pun\u00eb ti. U dor\u00ebzua mor zot\u00ebri, k\u00ebta jan\u00eb t\u00eb paskrupullt. Ai u dor\u00ebzua\u00a0 mir\u00eb e bukur, \u00ebsht\u00eb nj\u00eb gj\u00eb krejt marr\u00ebveshje. &hellip;<\/p>\n","protected":false},"author":4,"featured_media":105599,"comment_status":"closed","ping_status":"closed","sticky":false,"template":"","format":"standard","meta":{"footnotes":""},"categories":[37],"tags":[],"class_list":["post-105598","post","type-post","status-publish","format-standard","has-post-thumbnail","","category-politike"],"_links":{"self":[{"href":"https:\/\/rdnews.al\/index.php\/wp-json\/wp\/v2\/posts\/105598","targetHints":{"allow":["GET"]}}],"collection":[{"href":"https:\/\/rdnews.al\/index.php\/wp-json\/wp\/v2\/posts"}],"about":[{"href":"https:\/\/rdnews.al\/index.php\/wp-json\/wp\/v2\/types\/post"}],"author":[{"embeddable":true,"href":"https:\/\/rdnews.al\/index.php\/wp-json\/wp\/v2\/users\/4"}],"replies":[{"embeddable":true,"href":"https:\/\/rdnews.al\/index.php\/wp-json\/wp\/v2\/comments?post=105598"}],"version-history":[{"count":1,"href":"https:\/\/rdnews.al\/index.php\/wp-json\/wp\/v2\/posts\/105598\/revisions"}],"predecessor-version":[{"id":105600,"href":"https:\/\/rdnews.al\/index.php\/wp-json\/wp\/v2\/posts\/105598\/revisions\/105600"}],"wp:featuredmedia":[{"embeddable":true,"href":"https:\/\/rdnews.al\/index.php\/wp-json\/wp\/v2\/media\/105599"}],"wp:attachment":[{"href":"https:\/\/rdnews.al\/index.php\/wp-json\/wp\/v2\/media?parent=105598"}],"wp:term":[{"taxonomy":"category","embeddable":true,"href":"https:\/\/rdnews.al\/index.php\/wp-json\/wp\/v2\/categories?post=105598"},{"taxonomy":"post_tag","embeddable":true,"href":"https:\/\/rdnews.al\/index.php\/wp-json\/wp\/v2\/tags?post=105598"}],"curies":[{"name":"wp","href":"https:\/\/api.w.org\/{rel}","templated":true}]}}