{"id":105604,"date":"2025-02-24T12:39:20","date_gmt":"2025-02-24T12:39:20","guid":{"rendered":"https:\/\/rdnews.al\/?p=105604"},"modified":"2025-02-24T12:39:20","modified_gmt":"2025-02-24T12:39:20","slug":"berisha-emerimi-i-dan-bonginos-si-nendrejtor-i-fbi-lajm-i-hidhur-per-edi-ramen","status":"publish","type":"post","link":"https:\/\/rdnews.al\/index.php\/2025\/02\/24\/berisha-emerimi-i-dan-bonginos-si-nendrejtor-i-fbi-lajm-i-hidhur-per-edi-ramen\/","title":{"rendered":"Berisha: Em\u00ebrimi i Dan Bonginos si n\u00ebndrejtor i FBI lajm i hidhur p\u00ebr Edi Ram\u00ebn!"},"content":{"rendered":"<p>Kryetari i PD, Sali Berisha ka komentuar gjatw konferencws pwr shtyp edhe emwrimin e Dan Bonginos si n\u00ebndrejtor i FBI-s\u00eb. Berisha tha se, ky wshtw lajm i hidhur p\u00ebr Edi Ram\u00ebn p\u00ebr shkak t\u00eb lidhjeve t\u00eb tij me Sinaloan.<\/p>\n<p>\u201cAjo q\u00eb mund t\u00eb them un\u00eb, q\u00eb si drejtori i p\u00ebrgjithsh\u00ebm i FBI, Kash Patel, ashtu edhe ish-oficeri i sh\u00ebrbimit sekret dhe m\u00eb pas autori i nj\u00eb best-selleri dhe gazetar nd\u00ebr m\u00eb t\u00eb kuotuarit n\u00eb d\u00ebgjueshm\u00ebri, ka pasur nj\u00eb podcast q\u00eb shkonte 16 milion\u00eb shikime apo d\u00ebgjime, \u00ebsht\u00eb nj\u00eb zhvillim shum\u00eb pozitiv p\u00ebr FBI-n\u00eb, e cila do ket\u00eb n\u00eb udh\u00ebheqje dy persona t\u00eb p\u00ebrkushtuar totalisht p\u00ebr transparenc\u00eb t\u00eb plot\u00eb dhe p\u00ebr t\u00eb mbrojtur pa l\u00ebkundje, jasht\u00eb \u00e7do interesi, interesin e qytetar\u00ebve amerikan\u00eb dhe SHBA.<\/p>\n<p>Edhe ky \u00ebsht\u00eb nj\u00eb lajm i hidhur p\u00ebr Edi Ram\u00ebn, pasi ky gazetar i famsh\u00ebm dhe autor i nj\u00eb best-selleri, \u00ebsht\u00eb em\u00ebruar n\u00eb at\u00eb detyr\u00eb, por \u00ebsht\u00eb problemi tjet\u00ebr se presidenti Donald Trump i ka shpallur kartelet e drog\u00ebs organizata terroriste dhe konkretisht Sinaloan e lidhur me Edi Ram\u00ebn.<\/p>\n<p>Sinaloa nuk \u00ebsht\u00eb m\u00eb vet\u00ebm kartel droge, por \u00ebsht\u00eb organizat\u00eb terroriste.<\/p>\n<p>Luftar Hysa, me dy v\u00ebllez\u00ebrit, ata pra jan\u00eb krer\u00ebt e nj\u00eb organizate terroriste, t\u00eb cil\u00ebs Edi Rama i ka dh\u00ebn\u00eb licenc\u00eb p\u00ebr kazino, i ka dh\u00ebn\u00eb leje nd\u00ebrtimi p\u00ebr hotel me 5 yje.<\/p>\n<p>\u00cbsht\u00eb thell\u00ebsisht implikuese.<\/p>\n<p>Mbrojtja q\u00eb i b\u00ebri Xhorxh Sorosi veprimtaris\u00eb kriminale t\u00eb Edi Ram\u00ebs merr fund, ai tani do p\u00ebrballet me ligjin.<\/p>\n<p>Nj\u00ebher\u00eb p\u00ebr nj\u00ebher\u00eb aty ku e ka shkelur dhe e garantoj mbrapa edhe n\u00eb Shqip\u00ebri\u201d, tha Berisha.<\/p>\n","protected":false},"excerpt":{"rendered":"<p>Kryetari i PD, Sali Berisha ka komentuar gjatw konferencws pwr shtyp edhe emwrimin e Dan Bonginos si n\u00ebndrejtor i FBI-s\u00eb. Berisha tha se, ky wshtw lajm i hidhur p\u00ebr Edi Ram\u00ebn p\u00ebr shkak t\u00eb lidhjeve t\u00eb tij me Sinaloan. \u201cAjo q\u00eb mund t\u00eb them un\u00eb, q\u00eb si drejtori i p\u00ebrgjithsh\u00ebm i FBI, Kash Patel, ashtu &hellip;<\/p>\n","protected":false},"author":4,"featured_media":105579,"comment_status":"closed","ping_status":"closed","sticky":false,"template":"","format":"standard","meta":{"footnotes":""},"categories":[37],"tags":[],"class_list":["post-105604","post","type-post","status-publish","format-standard","has-post-thumbnail","","category-politike"],"_links":{"self":[{"href":"https:\/\/rdnews.al\/index.php\/wp-json\/wp\/v2\/posts\/105604","targetHints":{"allow":["GET"]}}],"collection":[{"href":"https:\/\/rdnews.al\/index.php\/wp-json\/wp\/v2\/posts"}],"about":[{"href":"https:\/\/rdnews.al\/index.php\/wp-json\/wp\/v2\/types\/post"}],"author":[{"embeddable":true,"href":"https:\/\/rdnews.al\/index.php\/wp-json\/wp\/v2\/users\/4"}],"replies":[{"embeddable":true,"href":"https:\/\/rdnews.al\/index.php\/wp-json\/wp\/v2\/comments?post=105604"}],"version-history":[{"count":1,"href":"https:\/\/rdnews.al\/index.php\/wp-json\/wp\/v2\/posts\/105604\/revisions"}],"predecessor-version":[{"id":105605,"href":"https:\/\/rdnews.al\/index.php\/wp-json\/wp\/v2\/posts\/105604\/revisions\/105605"}],"wp:featuredmedia":[{"embeddable":true,"href":"https:\/\/rdnews.al\/index.php\/wp-json\/wp\/v2\/media\/105579"}],"wp:attachment":[{"href":"https:\/\/rdnews.al\/index.php\/wp-json\/wp\/v2\/media?parent=105604"}],"wp:term":[{"taxonomy":"category","embeddable":true,"href":"https:\/\/rdnews.al\/index.php\/wp-json\/wp\/v2\/categories?post=105604"},{"taxonomy":"post_tag","embeddable":true,"href":"https:\/\/rdnews.al\/index.php\/wp-json\/wp\/v2\/tags?post=105604"}],"curies":[{"name":"wp","href":"https:\/\/api.w.org\/{rel}","templated":true}]}}