{"id":105608,"date":"2025-02-24T12:50:17","date_gmt":"2025-02-24T12:50:17","guid":{"rendered":"https:\/\/rdnews.al\/?p=105608"},"modified":"2025-02-24T12:51:57","modified_gmt":"2025-02-24T12:51:57","slug":"berisha-kush-parti-e-konsideron-ramen-si-problemin-kryesor-gati-te-bashkepunojme","status":"publish","type":"post","link":"https:\/\/rdnews.al\/index.php\/2025\/02\/24\/berisha-kush-parti-e-konsideron-ramen-si-problemin-kryesor-gati-te-bashkepunojme\/","title":{"rendered":"PD \u00ebsht\u00eb e hapur\/ Berisha: Kush parti e konsideron Ram\u00ebn si problemin kryesor, gati t\u00eb bashk\u00ebpunojm\u00eb!"},"content":{"rendered":"<p>Kryetari i PD, Sali Berisha \u00ebsht\u00eb shprehur se PD \u00ebsht\u00eb e hapur p\u00ebr aleanc\u00eb dhe bashk\u00ebpunim, me k\u00ebdo parti q\u00eb e konsideron Ram\u00ebn si problemin kryesor.<\/p>\n<p>Duke iu p\u00ebrgjigjur interesit t\u00eb gazetar\u00ebve n\u00eb konferenc\u00ebn e s\u00eb h\u00ebn\u00ebs me ta, Berisha tha se nuk mund t\u00eb ket\u00eb asnj\u00eb rezerv\u00eb p\u00ebr nj\u00eb koalicion sa m\u00eb t\u00eb gjer\u00eb kund\u00ebr Ram\u00ebs.<\/p>\n<p>\u201cPartia Demokratike mbetet e hapur, i ka deklaruar q\u00ebndrimet e veta. Tani \u00e7do parti, \u00e7do forc\u00eb politike e cila konsideron Edi Ram\u00ebn si problemin m\u00eb madhor dhe t\u00eb keqen m\u00eb t\u00eb madhe t\u00eb k\u00ebtij vendi, nuk mund t\u00eb ket\u00eb asnj\u00eb rezerv\u00eb p\u00ebr nj\u00eb koalicion sa m\u00eb t\u00eb gjer\u00eb kund\u00ebr tij.<\/p>\n<p>Tani se ku jan\u00eb, nuk jan\u00eb shprehur akoma, le t\u00eb shprehen. N\u00ebse e konsiderojn\u00eb Edi Ram\u00ebn si t\u00eb keqen m\u00eb t\u00eb madhe dhe jan\u00eb t\u00eb gatsh\u00ebm t\u00eb bashkohemi, jan\u00eb dyer e hapura. N\u00ebse pastaj b\u00ebjn\u00eb teoria q\u00eb duan t\u00eb d\u00ebmtojn\u00eb opozit\u00ebn, at\u00ebher\u00eb b\u00ebjn\u00eb pun\u00ebn e Edi Ram\u00ebs, t\u00eb vazhdojn\u00eb, se k\u00ebtu \u00ebsht\u00eb nj\u00eb vend i lir\u00eb&#8230;<\/p>\n<p>Personalisht nuk kam pasur, por do t\u00eb vendosen kontakte. Me t\u00eb gjith\u00eb do t\u00eb vendosim kontakte, me t\u00eb gjith\u00eb, jemi shum\u00eb t\u00eb vendosu\u201d, tha Berisha.<\/p>\n","protected":false},"excerpt":{"rendered":"<p>Kryetari i PD, Sali Berisha \u00ebsht\u00eb shprehur se PD \u00ebsht\u00eb e hapur p\u00ebr aleanc\u00eb dhe bashk\u00ebpunim, me k\u00ebdo parti q\u00eb e konsideron Ram\u00ebn si problemin kryesor. Duke iu p\u00ebrgjigjur interesit t\u00eb gazetar\u00ebve n\u00eb konferenc\u00ebn e s\u00eb h\u00ebn\u00ebs me ta, Berisha tha se nuk mund t\u00eb ket\u00eb asnj\u00eb rezerv\u00eb p\u00ebr nj\u00eb koalicion sa m\u00eb t\u00eb gjer\u00eb &hellip;<\/p>\n","protected":false},"author":4,"featured_media":105589,"comment_status":"closed","ping_status":"closed","sticky":false,"template":"","format":"standard","meta":{"footnotes":""},"categories":[37],"tags":[],"class_list":["post-105608","post","type-post","status-publish","format-standard","has-post-thumbnail","","category-politike"],"_links":{"self":[{"href":"https:\/\/rdnews.al\/index.php\/wp-json\/wp\/v2\/posts\/105608","targetHints":{"allow":["GET"]}}],"collection":[{"href":"https:\/\/rdnews.al\/index.php\/wp-json\/wp\/v2\/posts"}],"about":[{"href":"https:\/\/rdnews.al\/index.php\/wp-json\/wp\/v2\/types\/post"}],"author":[{"embeddable":true,"href":"https:\/\/rdnews.al\/index.php\/wp-json\/wp\/v2\/users\/4"}],"replies":[{"embeddable":true,"href":"https:\/\/rdnews.al\/index.php\/wp-json\/wp\/v2\/comments?post=105608"}],"version-history":[{"count":3,"href":"https:\/\/rdnews.al\/index.php\/wp-json\/wp\/v2\/posts\/105608\/revisions"}],"predecessor-version":[{"id":105611,"href":"https:\/\/rdnews.al\/index.php\/wp-json\/wp\/v2\/posts\/105608\/revisions\/105611"}],"wp:featuredmedia":[{"embeddable":true,"href":"https:\/\/rdnews.al\/index.php\/wp-json\/wp\/v2\/media\/105589"}],"wp:attachment":[{"href":"https:\/\/rdnews.al\/index.php\/wp-json\/wp\/v2\/media?parent=105608"}],"wp:term":[{"taxonomy":"category","embeddable":true,"href":"https:\/\/rdnews.al\/index.php\/wp-json\/wp\/v2\/categories?post=105608"},{"taxonomy":"post_tag","embeddable":true,"href":"https:\/\/rdnews.al\/index.php\/wp-json\/wp\/v2\/tags?post=105608"}],"curies":[{"name":"wp","href":"https:\/\/api.w.org\/{rel}","templated":true}]}}