{"id":105614,"date":"2025-02-24T13:01:41","date_gmt":"2025-02-24T13:01:41","guid":{"rendered":"https:\/\/rdnews.al\/?p=105614"},"modified":"2025-02-24T13:01:41","modified_gmt":"2025-02-24T13:01:41","slug":"pse-hesht-e-klp-per-gjuhen-kriminale-dhe-sulmet-e-veliajt-ndaj-prokurorit","status":"publish","type":"post","link":"https:\/\/rdnews.al\/index.php\/2025\/02\/24\/pse-hesht-e-klp-per-gjuhen-kriminale-dhe-sulmet-e-veliajt-ndaj-prokurorit\/","title":{"rendered":"Pse hesht e KLP p\u00ebr gjuh\u00ebn kriminale dhe sulmet e Veliajt ndaj prokurorit"},"content":{"rendered":"<p>Kryebashkiaku i arrestuar Erion Veliaj, nga qelia n\u00eb burgun e Durr\u00ebsit, i prangosur p\u00ebr korrupsion dhe pastrim parash prej dy jav\u00ebsh vijon sulmin e paprecedent\u00eb ndaj prokurorit Ols Dado dhe gjyqtarit Erion Bani.<\/p>\n<p>K\u00ebrc\u00ebnimet kan\u00eb arritur kulmin kur Veliaj paturp\u00ebsisht, n\u00ebp\u00ebrmjet statuseve t\u00eb tij t\u00eb mbushura me g\u00ebnjeshtra\u00a0shkruan:<\/p>\n<p>\u201cPor, ky &#8216;kolegu&#8217; im Ols Angoni as nuk e ka iden\u00eb se me k\u00eb \u00ebsht\u00eb ngat\u00ebrruar, megjith\u00ebse e quan veten Bruce Willis hajvani dhe u tregon muskujt atyre ushtar\u00ebve t\u00eb BKH-s\u00eb (tani hajde Bruce, jepi, fute edhe k\u00ebt\u00eb te k\u00ebrc\u00ebnimet q\u00eb i kam b\u00ebr\u00eb kafk\u00ebs t\u00ebnde t\u00eb mb\u00ebshtjell\u00eb me sholl\u00eb). Nuk e ka iden\u00eb, d\u00ebshtaku, dhe nuk ka se si ta ket\u00eb n\u00eb fakt, po do t&#8217;ia m\u00ebsoj un\u00eb\u201d.<\/p>\n<p>Gjuha e p\u00ebrdorur prej tij \u201ce ke personale me mua\u201d \u00ebsht\u00eb gjuh\u00eb q\u00eb p\u00ebrdorin kriminel\u00ebt, bandit\u00ebt, an\u00ebtar\u00ebt e grupeve kriminale ndaj njer\u00ebzve t\u00eb drejt\u00ebsis\u00eb. K\u00ebt\u00eb gjuh\u00eb ka p\u00ebrdorur sot Erion Veliaj, gjuh\u00ebn e nj\u00eb banditi.<\/p>\n<p>Veliaj p\u00ebrdor gjuh\u00ebn e nj\u00eb krimineli dhe banditi nga qelia, q\u00eb t\u00eb ndalen d\u00ebshmitar\u00ebt, t\u00eb t\u00ebrhiqet prokurori nga \u00e7\u00ebshtja, t\u00eb tremben gjyqtar\u00ebt n\u00eb vazhdim, sepse Erion Veliaj \u201ct\u00eb b\u00ebn namin\u201d.<\/p>\n<p>Ndaj k\u00ebsaj gjuhe kriminale t\u00eb p\u00ebrdorur nga Veliaj, e cila n\u00eb fakt \u00ebsht\u00eb nj\u00eb kanosje ndaj prokurorit dhe n\u00eb k\u00ebt\u00eb m\u00ebnyr\u00eb kryebashkiaku i arrestuar vet\u00ebm r\u00ebndon situat\u00ebn e tij ligjore, vihet re nj\u00eb distancim nga K\u00ebshilli i Lart\u00eb i Prokuroris\u00eb.<\/p>\n<p>KLP nuk ka pasur asnj\u00eb reagim dhe asnj\u00eb distancim nga kanosjet, fyerjet dhe sharjet e Veliajt ndaj prokurorit Ols Dado dhe gjyqtarit Erion Bani.<\/p>\n<p>KLP, n\u00eb m\u00ebnyr\u00eb t\u00eb paprecedent\u00eb ka zgjedhur t\u00eb hesht\u00eb p\u00ebrball\u00eb nj\u00eb tjet\u00ebr vepre penale q\u00eb po kryen Veliaj n\u00eb rastin e kanosjes s\u00eb prokurorit.\/cna<\/p>\n","protected":false},"excerpt":{"rendered":"<p>Kryebashkiaku i arrestuar Erion Veliaj, nga qelia n\u00eb burgun e Durr\u00ebsit, i prangosur p\u00ebr korrupsion dhe pastrim parash prej dy jav\u00ebsh vijon sulmin e paprecedent\u00eb ndaj prokurorit Ols Dado dhe gjyqtarit Erion Bani. K\u00ebrc\u00ebnimet kan\u00eb arritur kulmin kur Veliaj paturp\u00ebsisht, n\u00ebp\u00ebrmjet statuseve t\u00eb tij t\u00eb mbushura me g\u00ebnjeshtra\u00a0shkruan: \u201cPor, ky &#8216;kolegu&#8217; im Ols Angoni as &hellip;<\/p>\n","protected":false},"author":4,"featured_media":105615,"comment_status":"closed","ping_status":"closed","sticky":false,"template":"","format":"standard","meta":{"footnotes":""},"categories":[37],"tags":[],"class_list":["post-105614","post","type-post","status-publish","format-standard","has-post-thumbnail","","category-politike"],"_links":{"self":[{"href":"https:\/\/rdnews.al\/index.php\/wp-json\/wp\/v2\/posts\/105614","targetHints":{"allow":["GET"]}}],"collection":[{"href":"https:\/\/rdnews.al\/index.php\/wp-json\/wp\/v2\/posts"}],"about":[{"href":"https:\/\/rdnews.al\/index.php\/wp-json\/wp\/v2\/types\/post"}],"author":[{"embeddable":true,"href":"https:\/\/rdnews.al\/index.php\/wp-json\/wp\/v2\/users\/4"}],"replies":[{"embeddable":true,"href":"https:\/\/rdnews.al\/index.php\/wp-json\/wp\/v2\/comments?post=105614"}],"version-history":[{"count":1,"href":"https:\/\/rdnews.al\/index.php\/wp-json\/wp\/v2\/posts\/105614\/revisions"}],"predecessor-version":[{"id":105616,"href":"https:\/\/rdnews.al\/index.php\/wp-json\/wp\/v2\/posts\/105614\/revisions\/105616"}],"wp:featuredmedia":[{"embeddable":true,"href":"https:\/\/rdnews.al\/index.php\/wp-json\/wp\/v2\/media\/105615"}],"wp:attachment":[{"href":"https:\/\/rdnews.al\/index.php\/wp-json\/wp\/v2\/media?parent=105614"}],"wp:term":[{"taxonomy":"category","embeddable":true,"href":"https:\/\/rdnews.al\/index.php\/wp-json\/wp\/v2\/categories?post=105614"},{"taxonomy":"post_tag","embeddable":true,"href":"https:\/\/rdnews.al\/index.php\/wp-json\/wp\/v2\/tags?post=105614"}],"curies":[{"name":"wp","href":"https:\/\/api.w.org\/{rel}","templated":true}]}}