{"id":105617,"date":"2025-02-24T13:10:44","date_gmt":"2025-02-24T13:10:44","guid":{"rendered":"https:\/\/rdnews.al\/?p=105617"},"modified":"2025-02-24T13:10:44","modified_gmt":"2025-02-24T13:10:44","slug":"safet-bajri-mbetet-ne-burg-u-paraqita-vete-ne-polici","status":"publish","type":"post","link":"https:\/\/rdnews.al\/index.php\/2025\/02\/24\/safet-bajri-mbetet-ne-burg-u-paraqita-vete-ne-polici\/","title":{"rendered":"Safet Bajri mbetet n\u00eb burg: U paraqita vet\u00eb n\u00eb polici&#8230;"},"content":{"rendered":"<p>Gjykata e Posa\u00e7me konfirmon mas\u00ebn &#8220;arrest n\u00eb burg&#8221; p\u00ebr Safet Bajrin, Behar Brajovi\u00e7 dhe Astmer Bilali.<\/p>\n<p>Ata akuzohen p\u00ebr vrasjen e Fatbardh Licit n\u00eb vitin 2018.<\/p>\n<p>Avokati i Safet Bajrit tha pas seanc\u00ebs se,\u00a0&#8220;Safeti e b\u00ebri t\u00eb qart\u00eb q\u00eb \u00ebsht\u00eb paraqitur vet\u00eb&#8221;.<\/p>\n<p>&#8220;Ka qen\u00eb shum\u00eb i hapur p\u00ebr hetimin&#8221;.<\/p>\n<p>&#8220;N\u00ebse do t\u00eb ishte p\u00ebr t\u00eb ikur nuk do t\u00eb m\u00eb kapnit kurr\u00eb&#8221;, ka th\u00ebn\u00eb Bajri.<\/p>\n","protected":false},"excerpt":{"rendered":"<p>Gjykata e Posa\u00e7me konfirmon mas\u00ebn &#8220;arrest n\u00eb burg&#8221; p\u00ebr Safet Bajrin, Behar Brajovi\u00e7 dhe Astmer Bilali. Ata akuzohen p\u00ebr vrasjen e Fatbardh Licit n\u00eb vitin 2018. Avokati i Safet Bajrit tha pas seanc\u00ebs se,\u00a0&#8220;Safeti e b\u00ebri t\u00eb qart\u00eb q\u00eb \u00ebsht\u00eb paraqitur vet\u00eb&#8221;. &#8220;Ka qen\u00eb shum\u00eb i hapur p\u00ebr hetimin&#8221;. &#8220;N\u00ebse do t\u00eb ishte p\u00ebr t\u00eb &hellip;<\/p>\n","protected":false},"author":4,"featured_media":105618,"comment_status":"closed","ping_status":"closed","sticky":false,"template":"","format":"standard","meta":{"footnotes":""},"categories":[37],"tags":[],"class_list":["post-105617","post","type-post","status-publish","format-standard","has-post-thumbnail","","category-politike"],"_links":{"self":[{"href":"https:\/\/rdnews.al\/index.php\/wp-json\/wp\/v2\/posts\/105617","targetHints":{"allow":["GET"]}}],"collection":[{"href":"https:\/\/rdnews.al\/index.php\/wp-json\/wp\/v2\/posts"}],"about":[{"href":"https:\/\/rdnews.al\/index.php\/wp-json\/wp\/v2\/types\/post"}],"author":[{"embeddable":true,"href":"https:\/\/rdnews.al\/index.php\/wp-json\/wp\/v2\/users\/4"}],"replies":[{"embeddable":true,"href":"https:\/\/rdnews.al\/index.php\/wp-json\/wp\/v2\/comments?post=105617"}],"version-history":[{"count":1,"href":"https:\/\/rdnews.al\/index.php\/wp-json\/wp\/v2\/posts\/105617\/revisions"}],"predecessor-version":[{"id":105619,"href":"https:\/\/rdnews.al\/index.php\/wp-json\/wp\/v2\/posts\/105617\/revisions\/105619"}],"wp:featuredmedia":[{"embeddable":true,"href":"https:\/\/rdnews.al\/index.php\/wp-json\/wp\/v2\/media\/105618"}],"wp:attachment":[{"href":"https:\/\/rdnews.al\/index.php\/wp-json\/wp\/v2\/media?parent=105617"}],"wp:term":[{"taxonomy":"category","embeddable":true,"href":"https:\/\/rdnews.al\/index.php\/wp-json\/wp\/v2\/categories?post=105617"},{"taxonomy":"post_tag","embeddable":true,"href":"https:\/\/rdnews.al\/index.php\/wp-json\/wp\/v2\/tags?post=105617"}],"curies":[{"name":"wp","href":"https:\/\/api.w.org\/{rel}","templated":true}]}}