{"id":105630,"date":"2025-02-24T17:45:11","date_gmt":"2025-02-24T17:45:11","guid":{"rendered":"https:\/\/rdnews.al\/?p=105630"},"modified":"2025-02-24T17:45:11","modified_gmt":"2025-02-24T17:45:11","slug":"tjeter-vrasje-ekzekutohet-me-arme-prane-baneses-nje-person-ne-lac","status":"publish","type":"post","link":"https:\/\/rdnews.al\/index.php\/2025\/02\/24\/tjeter-vrasje-ekzekutohet-me-arme-prane-baneses-nje-person-ne-lac\/","title":{"rendered":"Tjet\u00ebr vrasje, ekzekutohet me arm\u00eb pran\u00eb banes\u00ebs nj\u00eb person n\u00eb La\u00e7"},"content":{"rendered":"<p>T\u00eb sht\u00ebna me arm\u00eb zjarri jan\u00eb regjistruar pasditen e k\u00ebsaj t\u00eb hlne n\u00eb fshatin Vil\u00ebz, t\u00eb nj\u00ebsis\u00eb Zhej\u00eb n\u00eb La\u00e7.<\/p>\n<p>Policia konfirmon se si pasoj\u00eb e t\u00eb sht\u00ebnave, nj\u00eb person ka mbetur i vrar\u00eb. Sipas burimeve, viktima \u00ebsht\u00eb shtetasi\u00a0<strong style=\"font-style: inherit;\">Dod\u00eb Mamli<\/strong>, 67-vje\u00e7.<\/p>\n<p>Burime b\u00ebjn\u00eb me dije se persona t\u00eb paidentifikuar e kan\u00eb q\u00eblluar 67-vje\u00e7arin n\u00eb af\u00ebrsi t\u00eb nj\u00eb banese.<\/p>\n<p><strong>Njoftimi<\/strong><\/p>\n<p>\u201dN\u00eb rrug\u00ebn e fshatit Vil\u00ebz, Zhej\u00eb, Kurbin, shtetasi D., 67 vje\u00e7 \u00ebsht\u00eb vrar\u00eb me arm\u00eb zjarri nga persona t\u00eb paidentifikuar.<\/p>\n<p><span style=\"font-style: inherit; font-weight: inherit;\">Grupi hetimor ndodhet n\u00eb vendngjarje dhe po punon p\u00ebr sqarimin e tyre dhe identifikimin e autor\u00ebve.<\/span><\/p>\n<p>Nd\u00ebrkaq sh\u00ebrbimet e policis\u00eb po vijojn\u00eb kontrollet dhe n\u00eb grupin e ndihm\u00ebs s\u00eb Siguris\u00eb kan\u00eb kaluar kat\u00ebr t\u00eb Forcave Komb\u00ebtare t\u00eb Siguris\u00eb, Nj\u00ebsia Shkod\u00ebr\u00a0\u201c<\/p>\n","protected":false},"excerpt":{"rendered":"<p>T\u00eb sht\u00ebna me arm\u00eb zjarri jan\u00eb regjistruar pasditen e k\u00ebsaj t\u00eb hlne n\u00eb fshatin Vil\u00ebz, t\u00eb nj\u00ebsis\u00eb Zhej\u00eb n\u00eb La\u00e7. Policia konfirmon se si pasoj\u00eb e t\u00eb sht\u00ebnave, nj\u00eb person ka mbetur i vrar\u00eb. Sipas burimeve, viktima \u00ebsht\u00eb shtetasi\u00a0Dod\u00eb Mamli, 67-vje\u00e7. Burime b\u00ebjn\u00eb me dije se persona t\u00eb paidentifikuar e kan\u00eb q\u00eblluar 67-vje\u00e7arin n\u00eb af\u00ebrsi &hellip;<\/p>\n","protected":false},"author":4,"featured_media":105631,"comment_status":"closed","ping_status":"closed","sticky":false,"template":"","format":"standard","meta":{"footnotes":""},"categories":[37],"tags":[],"class_list":["post-105630","post","type-post","status-publish","format-standard","has-post-thumbnail","","category-politike"],"_links":{"self":[{"href":"https:\/\/rdnews.al\/index.php\/wp-json\/wp\/v2\/posts\/105630","targetHints":{"allow":["GET"]}}],"collection":[{"href":"https:\/\/rdnews.al\/index.php\/wp-json\/wp\/v2\/posts"}],"about":[{"href":"https:\/\/rdnews.al\/index.php\/wp-json\/wp\/v2\/types\/post"}],"author":[{"embeddable":true,"href":"https:\/\/rdnews.al\/index.php\/wp-json\/wp\/v2\/users\/4"}],"replies":[{"embeddable":true,"href":"https:\/\/rdnews.al\/index.php\/wp-json\/wp\/v2\/comments?post=105630"}],"version-history":[{"count":1,"href":"https:\/\/rdnews.al\/index.php\/wp-json\/wp\/v2\/posts\/105630\/revisions"}],"predecessor-version":[{"id":105632,"href":"https:\/\/rdnews.al\/index.php\/wp-json\/wp\/v2\/posts\/105630\/revisions\/105632"}],"wp:featuredmedia":[{"embeddable":true,"href":"https:\/\/rdnews.al\/index.php\/wp-json\/wp\/v2\/media\/105631"}],"wp:attachment":[{"href":"https:\/\/rdnews.al\/index.php\/wp-json\/wp\/v2\/media?parent=105630"}],"wp:term":[{"taxonomy":"category","embeddable":true,"href":"https:\/\/rdnews.al\/index.php\/wp-json\/wp\/v2\/categories?post=105630"},{"taxonomy":"post_tag","embeddable":true,"href":"https:\/\/rdnews.al\/index.php\/wp-json\/wp\/v2\/tags?post=105630"}],"curies":[{"name":"wp","href":"https:\/\/api.w.org\/{rel}","templated":true}]}}