{"id":105633,"date":"2025-02-24T17:55:50","date_gmt":"2025-02-24T17:55:50","guid":{"rendered":"https:\/\/rdnews.al\/?p=105633"},"modified":"2025-02-24T17:59:10","modified_gmt":"2025-02-24T17:59:10","slug":"topalli-me-shqiptaret-ne-gjermani-bashke-per-te-mos-e-lene-vendin-tone-ne-harrese","status":"publish","type":"post","link":"https:\/\/rdnews.al\/index.php\/2025\/02\/24\/topalli-me-shqiptaret-ne-gjermani-bashke-per-te-mos-e-lene-vendin-tone-ne-harrese\/","title":{"rendered":"Topalli me shqiptar\u00ebt n\u00eb Gjermani: Diaspora \u00ebsht\u00eb fuqia e p\u00ebrmbysjes s\u00eb korrupsionit dhe e hapjes s\u00eb nj\u00eb kapitulli t\u00eb ri"},"content":{"rendered":"<p>Koordinatorja politike p\u00ebr Diaspor\u00ebn e Partis\u00eb Demokratike, Jozefina Topalli dit\u00ebn e djeshme ka zhvilluar nj\u00eb takim entuziast me shqiptar\u00ebt e Bremenit, n\u00eb Gjermani.<\/p>\n<p>N\u00eb postimin e saj n\u00eb Facebook, Topalli shprehet se diaspora ka fuqin\u00eb t\u00eb p\u00ebrmbys\u00eb korrupsionin dhe t\u00eb hap\u00eb nj\u00eb kapitulli t\u00eb ri p\u00ebr Shqip\u00ebrin\u00eb.<\/p>\n<p>\u201cN\u00eb Bremen, mes shqiptar\u00ebve t\u00eb jasht\u00ebzakonsh\u00ebm q\u00eb me pun\u00eb dhe p\u00ebrkushtim ia kan\u00eb dal\u00eb n\u00eb emigracion, por q\u00eb zemr\u00ebn e kan\u00eb gjithmon\u00eb n\u00eb atdhe. Nj\u00eb takim i ngroht\u00eb, plot emocione dhe dashuri p\u00ebr Shqip\u00ebrin\u00eb. Bashk\u00eb p\u00ebr t\u00eb mos e l\u00ebn\u00eb vendin ton\u00eb n\u00eb harres\u00eb! #Diaspora #Shqiptar\u00ebtN\u00ebBot\u00eb #Bashk\u00ebP\u00ebrShqip\u00ebrin\u00eb\u201d Diaspora esht\u00eb fuqia e permbysjes se korrupsionit dhe e hapjes se nje kapitulli per nje Shqip\u00ebri te drejte.<\/p>\n<p>Faleminderit Enea Bardhaj per organizimin e ketij takimi kaq te ngrohte e te vecante.<\/p>\n<p>Faleminderit te gjithe motrave e vellerve shqiptare qe bene edhe 350 km me ardh ne takim ne Bremen.<\/p>\n<p>Zoti bekofte familjet tuaja.\u201d, shkruan Topalli.<\/p>\n","protected":false},"excerpt":{"rendered":"<p>Koordinatorja politike p\u00ebr Diaspor\u00ebn e Partis\u00eb Demokratike, Jozefina Topalli dit\u00ebn e djeshme ka zhvilluar nj\u00eb takim entuziast me shqiptar\u00ebt e Bremenit, n\u00eb Gjermani. N\u00eb postimin e saj n\u00eb Facebook, Topalli shprehet se diaspora ka fuqin\u00eb t\u00eb p\u00ebrmbys\u00eb korrupsionin dhe t\u00eb hap\u00eb nj\u00eb kapitulli t\u00eb ri p\u00ebr Shqip\u00ebrin\u00eb. \u201cN\u00eb Bremen, mes shqiptar\u00ebve t\u00eb jasht\u00ebzakonsh\u00ebm q\u00eb me &hellip;<\/p>\n","protected":false},"author":4,"featured_media":105636,"comment_status":"closed","ping_status":"closed","sticky":false,"template":"","format":"standard","meta":{"footnotes":""},"categories":[37],"tags":[],"class_list":["post-105633","post","type-post","status-publish","format-standard","has-post-thumbnail","","category-politike"],"_links":{"self":[{"href":"https:\/\/rdnews.al\/index.php\/wp-json\/wp\/v2\/posts\/105633","targetHints":{"allow":["GET"]}}],"collection":[{"href":"https:\/\/rdnews.al\/index.php\/wp-json\/wp\/v2\/posts"}],"about":[{"href":"https:\/\/rdnews.al\/index.php\/wp-json\/wp\/v2\/types\/post"}],"author":[{"embeddable":true,"href":"https:\/\/rdnews.al\/index.php\/wp-json\/wp\/v2\/users\/4"}],"replies":[{"embeddable":true,"href":"https:\/\/rdnews.al\/index.php\/wp-json\/wp\/v2\/comments?post=105633"}],"version-history":[{"count":3,"href":"https:\/\/rdnews.al\/index.php\/wp-json\/wp\/v2\/posts\/105633\/revisions"}],"predecessor-version":[{"id":105638,"href":"https:\/\/rdnews.al\/index.php\/wp-json\/wp\/v2\/posts\/105633\/revisions\/105638"}],"wp:featuredmedia":[{"embeddable":true,"href":"https:\/\/rdnews.al\/index.php\/wp-json\/wp\/v2\/media\/105636"}],"wp:attachment":[{"href":"https:\/\/rdnews.al\/index.php\/wp-json\/wp\/v2\/media?parent=105633"}],"wp:term":[{"taxonomy":"category","embeddable":true,"href":"https:\/\/rdnews.al\/index.php\/wp-json\/wp\/v2\/categories?post=105633"},{"taxonomy":"post_tag","embeddable":true,"href":"https:\/\/rdnews.al\/index.php\/wp-json\/wp\/v2\/tags?post=105633"}],"curies":[{"name":"wp","href":"https:\/\/api.w.org\/{rel}","templated":true}]}}