{"id":105639,"date":"2025-02-24T18:04:43","date_gmt":"2025-02-24T18:04:43","guid":{"rendered":"https:\/\/rdnews.al\/?p=105639"},"modified":"2025-02-24T18:04:43","modified_gmt":"2025-02-24T18:04:43","slug":"voa-ceshtja-veliaj-deputetja-e-ps-4-ore-ne-pyetje-para-prokuroreve","status":"publish","type":"post","link":"https:\/\/rdnews.al\/index.php\/2025\/02\/24\/voa-ceshtja-veliaj-deputetja-e-ps-4-ore-ne-pyetje-para-prokuroreve\/","title":{"rendered":"VOA: \u00c7\u00ebshtja Veliaj, deputetja e PS 4 or\u00eb n\u00eb pyetje para prokuror\u00ebve"},"content":{"rendered":"<p>N\u00eb Shqip\u00ebri, kryetarja e Komisionit parlamentar t\u00eb Ligjeve, socialistja Klotilda Bushka u paraqit sot n\u00eb Prokurorin\u00eb e Posa\u00e7me. Ajo \u00ebsht\u00eb v\u00ebn\u00eb n\u00ebn hetim si e dyshuar p\u00ebr \u201cveprime q\u00eb pengojn\u00eb zbulimin e t\u00eb v\u00ebrtet\u00ebs\u201d, n\u00eb \u00e7\u00ebshtjen ndaj kryebashkiakut t\u00eb Tiran\u00ebs Erion Veliaj dhe bashk\u00ebshortes s\u00eb tij Ajola Xoxa. Sipas Prokuroris\u00eb, deputetja ka kontaktuar nj\u00eb prej personave t\u00eb marr\u00eb n\u00eb pyetje, Ina Goxhajn, duke e orientuar at\u00eb se si duhej t\u00eb sillej kur t\u00eb thirrej s\u00ebrish nga hetuesit. Zonja Bushka, ka hedhur posht\u00eb deklarimet e Goxhajt p\u00ebrpara prokuror\u00ebve duke u shprehur se ajo e ka kontaktuar at\u00eb, duke qen\u00eb se kan\u00eb marr\u00ebdh\u00ebnie farefisnore.<\/p>\n<p>\u201cPo e kam takuar vajz\u00ebn n\u00eb fjal\u00eb, si nj\u00eb person me t\u00eb cil\u00ebn kam punuar dikur dhe me t\u00eb cil\u00ebn kam lidhje gjaku, \u00ebsht\u00eb kush\u00ebrir\u00eb e imja. Ina Goxhajn e kam kush\u00ebrir\u00eb\u201d, shpjegoi ajo gjat\u00eb mbledhjes s\u00eb grupit parlamentar t\u00eb Partis\u00eb socialiste, pak dit\u00eb pas arrestimit t\u00eb zotit Veliaj.<\/p>\n<p>Varianti i ofruar nga zonja Bushka ishte se \u201ce kam qet\u00ebsuar, duke e k\u00ebshilluar t\u00eb thot\u00eb t\u00eb v\u00ebrtet\u00ebn dhe n\u00ebse e gjykon t\u00eb nevojshme t\u00eb marr\u00eb avokat. Si juriste, i kam shpjeguar nj\u00eb t\u00eb af\u00ebrmi t\u00eb drejtat e saj. Vet\u00ebm kaq. Nuk e kam penguar t\u00eb thot\u00eb asgj\u00eb, as kam tentuar t\u00eb fsheh\u00eb ndonj\u00eb t\u00eb v\u00ebrtet\u00eb sepse un\u00eb jam e para q\u00eb jam e interesuar q\u00eb e v\u00ebrtet\u00eb t\u00eb zbardhet sa m\u00eb par\u00eb e t\u00eb jet\u00eb e till\u00eb n\u00eb syt\u00eb e publikut\u201d, deklaroi zonja Bushka.<\/p>\n<p>Por rr\u00ebfimi i zonj\u00ebs Goxhaj p\u00ebrpara prokuror\u00ebve rezulton t\u00eb jet\u00eb t\u00ebr\u00ebsisht i ndrysh\u00ebm. Takimi mes t\u00eb dyjave, rezulton t\u00eb jet\u00eb b\u00ebr\u00eb me nism\u00ebn e zonj\u00ebs Bushka, e cila ka vajtur n\u00eb mjediset ku ajo punonte. &#8220;Deklaruesja shpjegon se Klotilda i ka th\u00ebn\u00eb &#8216;mos ki merak, p\u00ebr \u00e7far\u00ebdolloj gj\u00ebje, do na kesh ne. Dhe t\u00eb lutem mos fol me njeri n\u00eb telefon&#8217;. Q\u00eb mos fliste n\u00eb telefon n\u00eb lidhje me ngjarjen, deklaruesja shpjegon se shtet\u00ebsja Klotilda Bushka ja ka k\u00ebrkuar disa her\u00eb\u201d, lexohet n\u00eb aktet e Prokuroris\u00eb.<\/p>\n<p>N\u00eb shpjegimin e saj, para grupit parlamentar, zonja Bushka tha se \u201cun\u00eb nuk di ta shpjegoj, \u00e7far\u00eb mund t\u00eb ket\u00eb ndodhur n\u00eb Prokurori apo cfar\u00eb trysnie mund t\u00eb ket\u00eb ndjer\u00eb kush\u00ebrira ime, q\u00eb deklaratat tona private ajo i ka p\u00ebrcjell\u00eb n\u00eb nj\u00eb kontekst tjet\u00ebr\u201d.<\/p>\n<p>Por elementi m\u00eb i r\u00ebnd\u00eb, sipas asaj q\u00eb \u00ebsht\u00eb shkruar n\u00eb dosje, \u00ebsht\u00eb fakti se zonja Bushka rezulton t&#8217;i ket\u00eb dh\u00ebn\u00eb Goxhajt, nj\u00eb telefon tjet\u00ebr t\u00eb ofruar nga bashk\u00ebshortja e zotit Veliaj, nd\u00ebrsa i ka marr\u00eb telefonin q\u00eb ajo ka patur n\u00eb p\u00ebrdorim. P\u00ebr k\u00ebt\u00eb moment, ajo evitoi t\u00eb jepte shpjegime, n\u00eb deklaratat e b\u00ebra n\u00eb mbledhjen e grupit parlamentar, nd\u00ebrsa prokuror\u00ebt dyshojn\u00eb se ka qen\u00eb deputetja, ajo q\u00eb e ka asgj\u00ebsuar telefonin q\u00eb i mori Goxhajt, n\u00eb sht\u00ebpin\u00eb e prind\u00ebrve t\u00eb vet.<\/p>\n<p>Deputetja socialiste e cila q\u00ebndroi gati 4 or\u00eb n\u00eb Prokurorin\u00eb e Posa\u00e7me, u largua pa dh\u00ebn\u00eb asnj\u00eb deklarat\u00eb apo koment.\/ VOA\/<\/p>\n","protected":false},"excerpt":{"rendered":"<p>N\u00eb Shqip\u00ebri, kryetarja e Komisionit parlamentar t\u00eb Ligjeve, socialistja Klotilda Bushka u paraqit sot n\u00eb Prokurorin\u00eb e Posa\u00e7me. Ajo \u00ebsht\u00eb v\u00ebn\u00eb n\u00ebn hetim si e dyshuar p\u00ebr \u201cveprime q\u00eb pengojn\u00eb zbulimin e t\u00eb v\u00ebrtet\u00ebs\u201d, n\u00eb \u00e7\u00ebshtjen ndaj kryebashkiakut t\u00eb Tiran\u00ebs Erion Veliaj dhe bashk\u00ebshortes s\u00eb tij Ajola Xoxa. Sipas Prokuroris\u00eb, deputetja ka kontaktuar nj\u00eb prej &hellip;<\/p>\n","protected":false},"author":4,"featured_media":105640,"comment_status":"closed","ping_status":"closed","sticky":false,"template":"","format":"standard","meta":{"footnotes":""},"categories":[37],"tags":[],"class_list":["post-105639","post","type-post","status-publish","format-standard","has-post-thumbnail","","category-politike"],"_links":{"self":[{"href":"https:\/\/rdnews.al\/index.php\/wp-json\/wp\/v2\/posts\/105639","targetHints":{"allow":["GET"]}}],"collection":[{"href":"https:\/\/rdnews.al\/index.php\/wp-json\/wp\/v2\/posts"}],"about":[{"href":"https:\/\/rdnews.al\/index.php\/wp-json\/wp\/v2\/types\/post"}],"author":[{"embeddable":true,"href":"https:\/\/rdnews.al\/index.php\/wp-json\/wp\/v2\/users\/4"}],"replies":[{"embeddable":true,"href":"https:\/\/rdnews.al\/index.php\/wp-json\/wp\/v2\/comments?post=105639"}],"version-history":[{"count":1,"href":"https:\/\/rdnews.al\/index.php\/wp-json\/wp\/v2\/posts\/105639\/revisions"}],"predecessor-version":[{"id":105641,"href":"https:\/\/rdnews.al\/index.php\/wp-json\/wp\/v2\/posts\/105639\/revisions\/105641"}],"wp:featuredmedia":[{"embeddable":true,"href":"https:\/\/rdnews.al\/index.php\/wp-json\/wp\/v2\/media\/105640"}],"wp:attachment":[{"href":"https:\/\/rdnews.al\/index.php\/wp-json\/wp\/v2\/media?parent=105639"}],"wp:term":[{"taxonomy":"category","embeddable":true,"href":"https:\/\/rdnews.al\/index.php\/wp-json\/wp\/v2\/categories?post=105639"},{"taxonomy":"post_tag","embeddable":true,"href":"https:\/\/rdnews.al\/index.php\/wp-json\/wp\/v2\/tags?post=105639"}],"curies":[{"name":"wp","href":"https:\/\/api.w.org\/{rel}","templated":true}]}}