{"id":105642,"date":"2025-02-24T18:12:27","date_gmt":"2025-02-24T18:12:27","guid":{"rendered":"https:\/\/rdnews.al\/?p=105642"},"modified":"2025-02-24T18:12:27","modified_gmt":"2025-02-24T18:12:27","slug":"zjarr-ne-bashki-berisha-lali-vjedhesi-po-djeg-prova-dhe-dokumenta","status":"publish","type":"post","link":"https:\/\/rdnews.al\/index.php\/2025\/02\/24\/zjarr-ne-bashki-berisha-lali-vjedhesi-po-djeg-prova-dhe-dokumenta\/","title":{"rendered":"Zjarr n\u00eb Bashki\/ Berisha: Lali Vjedh\u00ebsi po djeg prova dhe dokumenta!"},"content":{"rendered":"<p>Kryetari i Partis\u00eb Demokratike, Sali Berisha ka reaguar n\u00eb lidhje me nj\u00eb ngjarje t\u00eb raportuar dit\u00ebn e sotme, ku nga taraca e Bashkis\u00eb Tiran\u00eb, u pa q\u00eb po dilte nj\u00eb tym i zi.<\/p>\n<p>\u201cLali Vjedh\u00ebsi po djeg prova dhe dokumenta!\u201d, shkruan Berisha n\u00eb Facebook.<\/p>\n<p>Deri n\u00eb k\u00ebto momente nuk ka asnj\u00eb reagim nga Bashkia Tiran\u00eb n\u00eb lidhje me k\u00ebt\u00eb ngjarje.<\/p>\n<p><iframe loading=\"lazy\" style=\"border: none; overflow: hidden;\" src=\"https:\/\/www.facebook.com\/plugins\/video.php?height=476&amp;href=https%3A%2F%2Fwww.facebook.com%2FSaliBerisha%2Fvideos%2F2374663659562541%2F&amp;show_text=false&amp;width=385&amp;t=0\" width=\"385\" height=\"476\" frameborder=\"0\" scrolling=\"no\" allowfullscreen=\"allowfullscreen\"><\/iframe><\/p>\n","protected":false},"excerpt":{"rendered":"<p>Kryetari i Partis\u00eb Demokratike, Sali Berisha ka reaguar n\u00eb lidhje me nj\u00eb ngjarje t\u00eb raportuar dit\u00ebn e sotme, ku nga taraca e Bashkis\u00eb Tiran\u00eb, u pa q\u00eb po dilte nj\u00eb tym i zi. \u201cLali Vjedh\u00ebsi po djeg prova dhe dokumenta!\u201d, shkruan Berisha n\u00eb Facebook. Deri n\u00eb k\u00ebto momente nuk ka asnj\u00eb reagim nga Bashkia Tiran\u00eb &hellip;<\/p>\n","protected":false},"author":4,"featured_media":105643,"comment_status":"closed","ping_status":"closed","sticky":false,"template":"","format":"standard","meta":{"footnotes":""},"categories":[37],"tags":[],"class_list":["post-105642","post","type-post","status-publish","format-standard","has-post-thumbnail","","category-politike"],"_links":{"self":[{"href":"https:\/\/rdnews.al\/index.php\/wp-json\/wp\/v2\/posts\/105642","targetHints":{"allow":["GET"]}}],"collection":[{"href":"https:\/\/rdnews.al\/index.php\/wp-json\/wp\/v2\/posts"}],"about":[{"href":"https:\/\/rdnews.al\/index.php\/wp-json\/wp\/v2\/types\/post"}],"author":[{"embeddable":true,"href":"https:\/\/rdnews.al\/index.php\/wp-json\/wp\/v2\/users\/4"}],"replies":[{"embeddable":true,"href":"https:\/\/rdnews.al\/index.php\/wp-json\/wp\/v2\/comments?post=105642"}],"version-history":[{"count":1,"href":"https:\/\/rdnews.al\/index.php\/wp-json\/wp\/v2\/posts\/105642\/revisions"}],"predecessor-version":[{"id":105644,"href":"https:\/\/rdnews.al\/index.php\/wp-json\/wp\/v2\/posts\/105642\/revisions\/105644"}],"wp:featuredmedia":[{"embeddable":true,"href":"https:\/\/rdnews.al\/index.php\/wp-json\/wp\/v2\/media\/105643"}],"wp:attachment":[{"href":"https:\/\/rdnews.al\/index.php\/wp-json\/wp\/v2\/media?parent=105642"}],"wp:term":[{"taxonomy":"category","embeddable":true,"href":"https:\/\/rdnews.al\/index.php\/wp-json\/wp\/v2\/categories?post=105642"},{"taxonomy":"post_tag","embeddable":true,"href":"https:\/\/rdnews.al\/index.php\/wp-json\/wp\/v2\/tags?post=105642"}],"curies":[{"name":"wp","href":"https:\/\/api.w.org\/{rel}","templated":true}]}}