{"id":105645,"date":"2025-02-24T18:18:20","date_gmt":"2025-02-24T18:18:20","guid":{"rendered":"https:\/\/rdnews.al\/?p=105645"},"modified":"2025-02-24T21:58:39","modified_gmt":"2025-02-24T21:58:39","slug":"ps-me-benet-becin-po-vazhdojne-te-tentojne-deformimin-e-votes-video","status":"publish","type":"post","link":"https:\/\/rdnews.al\/index.php\/2025\/02\/24\/ps-me-benet-becin-po-vazhdojne-te-tentojne-deformimin-e-votes-video\/","title":{"rendered":"PS me Benet Becin po vazhdojn\u00eb t\u00eb tentojn\u00eb deformimin e vot\u00ebs (Video)"},"content":{"rendered":"<p><strong>Nga Eliona SHKRELI<\/strong><\/p>\n<p>Partia Socialiste me n\u00eb krye drejtuesin politik rilindas, Benet Becin, po vazhdojn\u00eb t\u00eb tentojn\u00eb deformimin e vot\u00ebs duke \u2018bler\u00eb\u2019 votat p\u00ebrmes shp\u00ebrndarjes falas t\u00eb koncentratit p\u00ebr bag\u00ebti!<\/p>\n<p>N\u00eb fshatrat e Nj\u00ebsive Administrative t\u00eb Shkodr\u00ebs ka filluar shp\u00ebrndarja e koncentratit falas p\u00ebr bag\u00ebti t\u00eb cilat shp\u00ebrndahen nga kamion\u00eb pa asnj\u00eb logo, i dor\u00ebzohen kryepleqve t\u00eb fshatrave t\u00eb em\u00ebruar nga Benet Beci dhe pastaj kryepleqt\u00eb i shp\u00ebrndajn\u00eb n\u00ebp\u00ebr familje t\u00eb komuniteteve q\u00eb p\u00ebrfaq\u00ebsojn\u00eb!<\/p>\n<p>Pamjet e postuara jan\u00eb t\u00eb fshatit Ku\u00e7 t\u00eb Nj\u00ebsis\u00eb Administrative \u201cGur i Zi\u201d por disa dit\u00eb m\u00eb par\u00eb e nj\u00ebjta skem\u00eb \u00ebsht\u00eb aplikuar edhe n\u00eb fshatrat e Nj\u00ebsis\u00eb Administrative \u201cPostrrib\u00eb\u201d!<\/p>\n<p>Si\u00e7 shihet nga pamjet e siguruara nga banor\u00eb t\u00eb zon\u00ebs q\u00eb kan\u00eb denoncuar rastin, rilindasit kan\u00eb filluar blerjen e vot\u00ebs p\u00ebrmes skemave skandaloze p\u00ebr t\u00eb deformuar rezultatin e 11 majit n\u00eb favor t\u00eb tyre!<\/p>\n<p>I b\u00ebj thirrje prokuroris\u00eb t\u00eb nis\u00eb hetimet dhe t\u00eb mos lejoj\u00eb e t\u00eb mos favorizoj\u00eb partin\u00eb n\u00eb pushtet, Benet Becin, kryepleqt\u00eb e fshatrave dhe funksionar\u00eb t\u00eb tjer\u00eb rilindas q\u00eb t\u00eb deformojn\u00eb zgjedhjet e ardhshme p\u00ebrmes skemave korruptive t\u00eb cilat nuk jan\u00eb t\u00eb panjohura!<\/p>\n<p>I b\u00ebj thirrje Partis\u00eb Socialiste dhe t\u00eb d\u00ebrguarit politik Beci, t\u00eb ndalojn\u00eb menj\u00ebher\u00eb aplikimin e shit-blerjes s\u00eb vot\u00ebs sepse k\u00ebt\u00eb her\u00eb nuk do ia dilni t\u00eb deformoni vullnetin e shkodran\u00ebve n\u00eb favorin tuaj!<\/p>\n<p>Skema t\u00eb tilla duhet t\u00eb marrin fund\u2026.<\/p>\n<p><iframe loading=\"lazy\" style=\"border: none; overflow: hidden;\" src=\"https:\/\/www.facebook.com\/plugins\/video.php?height=476&amp;href=https%3A%2F%2Fwww.facebook.com%2Feliona.kodrashkreli%2Fvideos%2F564236889968609%2F&amp;show_text=false&amp;width=273&amp;t=0\" width=\"273\" height=\"476\" frameborder=\"0\" scrolling=\"no\" allowfullscreen=\"allowfullscreen\"><\/iframe><\/p>\n<p><iframe loading=\"lazy\" style=\"border: none; overflow: hidden;\" src=\"https:\/\/www.facebook.com\/plugins\/video.php?height=476&amp;href=https%3A%2F%2Fwww.facebook.com%2Feliona.kodrashkreli%2Fvideos%2F532012222700745%2F&amp;show_text=false&amp;width=273&amp;t=0\" width=\"273\" height=\"476\" frameborder=\"0\" scrolling=\"no\" allowfullscreen=\"allowfullscreen\"><\/iframe><\/p>\n<p><img loading=\"lazy\" decoding=\"async\" class=\"\" src=\"https:\/\/scontent.ftia5-1.fna.fbcdn.net\/v\/t39.30808-6\/480962228_10229022211921804_9176543011744746691_n.jpg?_nc_cat=108&amp;ccb=1-7&amp;_nc_sid=833d8c&amp;_nc_ohc=FdjgY7as3toQ7kNvgGX3QKq&amp;_nc_oc=AdjJHb1QM_O7p-_Gt_ATs3sCYBnfoGAoo_tpU8irOxVJU498uoPMby4-Wj8Gp-GwsbQ&amp;_nc_zt=23&amp;_nc_ht=scontent.ftia5-1.fna&amp;_nc_gid=A_tN_Gim8REmU5vuKioWuKs&amp;oh=00_AYAQMQeTUP1nV5bpHjDs9TVXnIrHcp1wRWBPVyQyECUZRw&amp;oe=67C27D55\" alt=\"P\u00ebrshkrimi i fotografis\u00eb nuk \u00ebsht\u00eb i disponuesh\u00ebm.\" width=\"702\" height=\"936\" \/><\/p>\n<p>&nbsp;<\/p>\n<p>&nbsp;<\/p>\n","protected":false},"excerpt":{"rendered":"<p>Nga Eliona SHKRELI Partia Socialiste me n\u00eb krye drejtuesin politik rilindas, Benet Becin, po vazhdojn\u00eb t\u00eb tentojn\u00eb deformimin e vot\u00ebs duke \u2018bler\u00eb\u2019 votat p\u00ebrmes shp\u00ebrndarjes falas t\u00eb koncentratit p\u00ebr bag\u00ebti! N\u00eb fshatrat e Nj\u00ebsive Administrative t\u00eb Shkodr\u00ebs ka filluar shp\u00ebrndarja e koncentratit falas p\u00ebr bag\u00ebti t\u00eb cilat shp\u00ebrndahen nga kamion\u00eb pa asnj\u00eb logo, i dor\u00ebzohen &hellip;<\/p>\n","protected":false},"author":4,"featured_media":103791,"comment_status":"closed","ping_status":"closed","sticky":false,"template":"","format":"standard","meta":{"footnotes":""},"categories":[134,37],"tags":[],"class_list":["post-105645","post","type-post","status-publish","format-standard","has-post-thumbnail","","category-news","category-politike"],"_links":{"self":[{"href":"https:\/\/rdnews.al\/index.php\/wp-json\/wp\/v2\/posts\/105645","targetHints":{"allow":["GET"]}}],"collection":[{"href":"https:\/\/rdnews.al\/index.php\/wp-json\/wp\/v2\/posts"}],"about":[{"href":"https:\/\/rdnews.al\/index.php\/wp-json\/wp\/v2\/types\/post"}],"author":[{"embeddable":true,"href":"https:\/\/rdnews.al\/index.php\/wp-json\/wp\/v2\/users\/4"}],"replies":[{"embeddable":true,"href":"https:\/\/rdnews.al\/index.php\/wp-json\/wp\/v2\/comments?post=105645"}],"version-history":[{"count":1,"href":"https:\/\/rdnews.al\/index.php\/wp-json\/wp\/v2\/posts\/105645\/revisions"}],"predecessor-version":[{"id":105646,"href":"https:\/\/rdnews.al\/index.php\/wp-json\/wp\/v2\/posts\/105645\/revisions\/105646"}],"wp:featuredmedia":[{"embeddable":true,"href":"https:\/\/rdnews.al\/index.php\/wp-json\/wp\/v2\/media\/103791"}],"wp:attachment":[{"href":"https:\/\/rdnews.al\/index.php\/wp-json\/wp\/v2\/media?parent=105645"}],"wp:term":[{"taxonomy":"category","embeddable":true,"href":"https:\/\/rdnews.al\/index.php\/wp-json\/wp\/v2\/categories?post=105645"},{"taxonomy":"post_tag","embeddable":true,"href":"https:\/\/rdnews.al\/index.php\/wp-json\/wp\/v2\/tags?post=105645"}],"curies":[{"name":"wp","href":"https:\/\/api.w.org\/{rel}","templated":true}]}}