{"id":105650,"date":"2025-02-24T19:22:38","date_gmt":"2025-02-24T19:22:38","guid":{"rendered":"https:\/\/rdnews.al\/?p=105650"},"modified":"2025-02-24T19:22:38","modified_gmt":"2025-02-24T19:22:38","slug":"veliaj-falsifikoi-procesverbalin-birn-edhe-avokati-i-tij-e-nxjerr-bllof","status":"publish","type":"post","link":"https:\/\/rdnews.al\/index.php\/2025\/02\/24\/veliaj-falsifikoi-procesverbalin-birn-edhe-avokati-i-tij-e-nxjerr-bllof\/","title":{"rendered":"Veliaj falsifikoi procesverbalin\/ BIRN: Edhe avokati i tij e nxjerr bllof!"},"content":{"rendered":"<p>I burgosur prej 14 dit\u00ebsh me akuzat e korrupsionit dhe pastrimit t\u00eb parave, kryebashkiaku i Tiran\u00ebs,\u00a0Erion Veliaj\u00a0po b\u00ebn tradit\u00eb publikimin e postimeve t\u00eb gjata n\u00eb faqen e tij n\u00eb \u201cFacebook\u201d, t\u00eb mbushura me fyerje dhe k\u00ebrc\u00ebnime n\u00eb adres\u00eb t\u00eb prokurorit\u00a0Olsi Dado, por edhe t\u00eb gjyqtarit t\u00eb mas\u00ebs s\u00eb siguris\u00eb,\u00a0Erjon Bani.<\/p>\n<p>T\u00eb h\u00ebn\u00ebn, Veliaj publikoi nj\u00eb imazh, q\u00eb sipas tij ishte faksimile e nj\u00eb pjese t\u00eb dialogut t\u00eb ndodhur n\u00eb sall\u00eb e gjyqit. \u201cKy \u00ebsht\u00eb nj\u00eb nga dialogjet n\u00eb thertoren e Erion Kasapit! Lexojeni se me \u00e7far\u00eb gjuhe flet prokurori i\u00a0SPAK-ut, aq t\u00eb ul\u00ebt sa edhe Erion Kasapi duket xhent\u00ebllmen para tij!\u201d, shkroi Veliaj.<\/p>\n<p>N\u00eb faksimilen e transkriptit t\u00eb publikuar nga Veliaj, prokurori Olsi Dado pretendohet t\u2019i ket\u00eb th\u00ebn\u00eb atij: \u201cNdyr\u00ebsir\u00eb\u201d.<\/p>\n<p>Por e pyetur nga BIRN,\u00a0Gjykata e Posa\u00e7me\u00a0e mohoi kategorikisht k\u00ebt\u00eb pretendim, duke deklaruar se transkripti i seanc\u00ebs i publikuar nga Veliaj nuk ishte i v\u00ebrtet\u00eb.<\/p>\n<p>\u201cPjesa e procesverbalit t\u00eb publikuar nga personi n\u00ebn hetim, Erion Veliaj n\u00eb rrjetin e tij social \u201cFacebook\u201d \u00ebsht\u00eb e pav\u00ebrtet\u00eb\u201d, deklaroi GJKKO n\u00eb p\u00ebrgjigje t\u00eb pyetjeve nga BIRN.<\/p>\n<p>Gjykata shtoi se ndryshe nga sa pretendon kryebashkiaku n\u00eb Facebook, fjala \u201cndyr\u00ebsir\u00eb\u201d nuk \u00ebsht\u00eb p\u00ebrdorur n\u00eb asnj\u00eb rast.<\/p>\n<p>\u201cNga verifikimi i b\u00ebr\u00eb n\u00eb sistemin audio, t\u00eb seanc\u00ebs gjyq\u00ebsore p\u00ebr marrjen n\u00eb pyetje t\u00eb personave n\u00ebn hetim, Erion Veliaj, etj., t\u00eb dat\u00ebs 12.02.2025, konkretisht intervali kohor 6:34:02 PM \u2013 6:34:57 PM (t\u00eb cilit i referohet i hetuari Erion Veliaj n\u00eb postimin e tij) si dhe nga procesverbali i seanc\u00ebs gjyq\u00ebsore, nuk rezulton q\u00eb t\u00eb jet\u00eb p\u00ebrdorur fjala \u201cndyr\u00ebsir\u00eb\u201d nga ana e prokurorit Ols Dado n\u00eb asnj\u00eb moment,\u201d thuhet n\u00eb p\u00ebrgjigjen e Gjykat\u00ebs s\u00eb Posa\u00e7me.<\/p>\n<p>N\u00eb nj\u00eb reagim t\u00eb ngjash\u00ebm, edhe SPAK mohoi v\u00ebrtet\u00ebsin\u00eb e procesverbalit t\u00eb publikuar nga Veliaj. \u201cProcesverbali i seance\u0308s gjyqe\u0308sore i date\u0308s 12.02.2025, n\u00eb faqen 292, e num\u00ebrtuar nga Gjykata e Posa\u00e7me p\u00ebr Korrupsionin dhe Krimin e Organizuar (GJKKO) dhe audio e k\u00ebsaj seance nuk p\u00ebrfshijn\u00eb fjal\u00ebt e p\u00ebrmendura nga personi n\u00ebn hetim, E.V., t\u00eb publikuara sot n\u00eb media. Kjo m\u00ebsip\u00ebr \u00ebsht\u00eb faqja 292 e procesverbalit t\u00eb skanuar, e firmosur nga sekretarja\u00a0e\u00a0GJKKO-s\u00eb\u201d, thuhet n\u00eb njoftimin e SPAK, t\u00eb cilit i bashk\u00eblidhet pjes\u00eb nga procesverbali i sakt\u00eb i seanc\u00ebs.<\/p>\n<p>I pyetur nga BIRN, avokati i Veliajt, Ermir Beta tha se e kishte t\u00eb v\u00ebshtir\u00eb t\u00eb ishte i sakt\u00eb p\u00ebr termat e p\u00ebrdorur n\u00eb seanc\u00eb.<\/p>\n<p>\u201cUn\u00eb i kam v\u00ebn\u00eb n\u00eb dispozocion klientit audion e seanc\u00ebs. Transkriptimi i saj \u00ebsht\u00eb b\u00ebr\u00eb nga persona t\u00eb tjer\u00eb.\u00a0\u00a0Seanca e dat\u00ebs 12 shkurt ka qen\u00eb plot debate, p\u00ebrtej sfer\u00ebs juridike, ndaj e kam t\u00eb v\u00ebshtir\u00eb t\u00eb jem i sakt\u00eb p\u00ebr \u00e7do term q\u00eb ka p\u00ebrdorur prokurori ndaj klientit n\u00eb seanc\u00eb,\u201d tha Beta p\u00ebr BIRN.<\/p>\n<p>Kryetari i Bashkis\u00eb s\u00eb Tiran\u00ebs, Erion Veliaj akuzohet se s\u00eb bashku me bashk\u00ebshorten\u00a0Ajola Xoxa\u00a0\u00a0nd\u00ebrtuan nj\u00eb mekaniz\u00ebm kompleks korruptiv p\u00ebr t\u00eb p\u00ebrvet\u00ebsuar fondet publike, t\u00eb cilat transferoheshin n\u00eb form\u00eb ryshfeti nga kompani kontraktore dhe OJF p\u00ebrfituese t\u00eb fondeve t\u00eb Bashkis\u00eb s\u00eb Tiran\u00ebs.<\/p>\n<p>Veliaj dhe Xoxa i kan\u00eb mohuar akuzat, nd\u00ebrkoh\u00eb q\u00eb e kan\u00eb portretizuar veten si t\u00eb persekutuar politikisht nga prokurori i SPAK, Olsi Dado.\/<a href=\"https:\/\/www.reporter.al\/2025\/02\/24\/gjkko-dhe-spak-thone-se-procesverbali-i-publikuar-nga-veliaj-nuk-eshte-i-vertete\/\" target=\"_blank\" rel=\"noopener\">BIRN<\/a><\/p>\n","protected":false},"excerpt":{"rendered":"<p>I burgosur prej 14 dit\u00ebsh me akuzat e korrupsionit dhe pastrimit t\u00eb parave, kryebashkiaku i Tiran\u00ebs,\u00a0Erion Veliaj\u00a0po b\u00ebn tradit\u00eb publikimin e postimeve t\u00eb gjata n\u00eb faqen e tij n\u00eb \u201cFacebook\u201d, t\u00eb mbushura me fyerje dhe k\u00ebrc\u00ebnime n\u00eb adres\u00eb t\u00eb prokurorit\u00a0Olsi Dado, por edhe t\u00eb gjyqtarit t\u00eb mas\u00ebs s\u00eb siguris\u00eb,\u00a0Erjon Bani. T\u00eb h\u00ebn\u00ebn, Veliaj publikoi nj\u00eb &hellip;<\/p>\n","protected":false},"author":4,"featured_media":105621,"comment_status":"closed","ping_status":"closed","sticky":false,"template":"","format":"standard","meta":{"footnotes":""},"categories":[37],"tags":[],"class_list":["post-105650","post","type-post","status-publish","format-standard","has-post-thumbnail","","category-politike"],"_links":{"self":[{"href":"https:\/\/rdnews.al\/index.php\/wp-json\/wp\/v2\/posts\/105650","targetHints":{"allow":["GET"]}}],"collection":[{"href":"https:\/\/rdnews.al\/index.php\/wp-json\/wp\/v2\/posts"}],"about":[{"href":"https:\/\/rdnews.al\/index.php\/wp-json\/wp\/v2\/types\/post"}],"author":[{"embeddable":true,"href":"https:\/\/rdnews.al\/index.php\/wp-json\/wp\/v2\/users\/4"}],"replies":[{"embeddable":true,"href":"https:\/\/rdnews.al\/index.php\/wp-json\/wp\/v2\/comments?post=105650"}],"version-history":[{"count":1,"href":"https:\/\/rdnews.al\/index.php\/wp-json\/wp\/v2\/posts\/105650\/revisions"}],"predecessor-version":[{"id":105651,"href":"https:\/\/rdnews.al\/index.php\/wp-json\/wp\/v2\/posts\/105650\/revisions\/105651"}],"wp:featuredmedia":[{"embeddable":true,"href":"https:\/\/rdnews.al\/index.php\/wp-json\/wp\/v2\/media\/105621"}],"wp:attachment":[{"href":"https:\/\/rdnews.al\/index.php\/wp-json\/wp\/v2\/media?parent=105650"}],"wp:term":[{"taxonomy":"category","embeddable":true,"href":"https:\/\/rdnews.al\/index.php\/wp-json\/wp\/v2\/categories?post=105650"},{"taxonomy":"post_tag","embeddable":true,"href":"https:\/\/rdnews.al\/index.php\/wp-json\/wp\/v2\/tags?post=105650"}],"curies":[{"name":"wp","href":"https:\/\/api.w.org\/{rel}","templated":true}]}}