{"id":105653,"date":"2025-02-24T20:16:12","date_gmt":"2025-02-24T20:16:12","guid":{"rendered":"https:\/\/rdnews.al\/?p=105653"},"modified":"2025-02-24T20:16:12","modified_gmt":"2025-02-24T20:16:12","slug":"berisha-rrefen-si-e-nisi-betjen-e-rikthimit-derguan-rikerin-qe-te-kerkonte-te-mos-futesha-ne-parlament","status":"publish","type":"post","link":"https:\/\/rdnews.al\/index.php\/2025\/02\/24\/berisha-rrefen-si-e-nisi-betjen-e-rikthimit-derguan-rikerin-qe-te-kerkonte-te-mos-futesha-ne-parlament\/","title":{"rendered":"Berisha rr\u00ebfen si e nisi betj\u00ebn e rikthimit: D\u00ebrguan Rikerin q\u00eb t\u00eb k\u00ebrkonte t\u00eb mos futesha n\u00eb parlament"},"content":{"rendered":"<p>Kryetari i PD, Sali Berisha, n\u00eb intervist\u00ebn e tij n\u00eb \u00c7im Peka LIVE, rr\u00ebfeu se kur nisi beteja e tij p\u00ebr at\u00eb e quajti nj\u00eb rikthim.<\/p>\n<p>\u201cS\u00eb pari, dua t\u00eb b\u00ebj nj\u00eb sqarim. Un\u00eb, jo mendonin se kisha marr\u00eb fund, por un\u00eb isha ndar\u00eb me politik\u00ebn, p\u00ebrve\u00e7 FB dhe Instagramin, un\u00eb nuk kisha asnj\u00eb ambicie mbi tok\u00eb.<\/p>\n<p>Un\u00eb kisha vendosur q\u00eb edhe mandatin ta dor\u00ebzoja 2-3 muaj m\u00eb von\u00eb pas zgjedhjeve t\u00eb vitit 2021, ia kisha th\u00ebn\u00eb kryetarit.<\/p>\n<p>Un\u00eb nuk b\u00ebra fushat\u00eb dhe e kisha t\u00eb drejt\u00eb at\u00eb. Fushata ka nj\u00eb udh\u00ebheq\u00ebs dhe nuk ka pse duken 2 koka.<\/p>\n<p>Pse erdhi kjo? Un\u00eb, at\u00eb dit\u00eb q\u00eb lexova p\u00ebrcaktimin e Antony Blinken n\u00eb Tuiterin e tij personal, shkoj n\u00eb sht\u00ebpi dhe i shkruaj nj\u00eb let\u00ebr me tre pika publike dhe vendosa t\u00eb b\u00ebj nj\u00eb betej\u00eb n\u00eb vetmi.<\/p>\n<p>Absolutisht. Dhe i them atij kryetarit, t\u00eb mos futet PD n\u00eb k\u00ebt\u00eb pun\u00eb, jemi parti pro-per\u00ebndimore, pro-amerikane, nuk kemi pse b\u00ebjm\u00eb asgj\u00eb. Me k\u00ebt\u00eb merrem vet\u00eb. Pushka ime \u00ebsht\u00eb pena ime.<\/p>\n<p>Kur ai d\u00ebrgoi Filip Rikerin, njeri me t\u00eb cilin isha takuar disa her\u00eb, p\u00ebr t\u00eb k\u00ebrkuar q\u00eb un\u00eb t\u00eb mos futem n\u00eb parlament, ndryshoi gjith\u00e7ka sepse ajo ishte nj\u00eb k\u00ebrkes\u00eb q\u00eb kurr\u00eb nj\u00eb qeveri demokratike nuk mund ta b\u00ebnte ndaj nj\u00eb partneri, p\u00ebrve\u00e7se ndaj nj\u00eb kolonie.<\/p>\n<p>Dhe i them tani, i thuaj zotit Riker q\u00eb kurr\u00eb, asnj\u00eb komb tjet\u00ebr nuk ka b\u00ebr\u00eb sa kombi amerikan p\u00ebr shqiptar\u00ebt p\u00ebr lirin\u00eb e tyre, por nuk e kan\u00eb b\u00ebr\u00eb kurr\u00eb k\u00ebt\u00eb p\u00ebr t\u2019u b\u00ebr\u00eb list\u00ebn e deputet\u00ebve n\u00eb parlament.<\/p>\n<p>Prandaj kjo, deri k\u00ebtu merr fund kjo pun\u00eb.<\/p>\n<p>Nuk mund t\u00eb jet\u00eb&#8230;<\/p>\n<p>Pse e nisa un\u00eb k\u00ebt\u00eb?<\/p>\n<p>Nuk e dija kurr\u00eb se sa do mb\u00ebshtetesha. Jo, absolutisht. Kur un\u00eb kam b\u00ebr\u00eb thirrje p\u00ebr takim, njer\u00ebzit m\u00eb t\u00eb af\u00ebrt t\u00eb mi m\u00eb kan\u00eb pyetur se a do vijn\u00eb njer\u00ebzit? Kush t\u00eb vjen? U thash\u00eb, ata q\u00eb besojn\u00eb n\u00eb dinjitetin e njeriut, do vijn\u00eb. Ata q\u00eb besojn\u00eb se ky vend duhet t\u00eb p\u00ebrcaktoj\u00eb vet\u00eb deputet\u00ebt, do t\u00eb vijn\u00eb.<\/p>\n<p>Pra, beteja ime ka nisur p\u00ebr k\u00ebt\u00eb, nuk ka nisur p\u00ebr asnj\u00eb q\u00ebllim, p\u00ebrve\u00e7se p\u00ebr t\u2019i th\u00ebn\u00eb cilitdo se ky vend, sovranitetin e tij nuk mund ta shkelmosh.<\/p>\n<p>K\u00ebtu filloi e gjith\u00eb beteja ime,\u201d tha Berisha duke th\u00ebn\u00eb se duhet t\u00eb ruhej nga miqt\u00eb, jo nga armiqt\u00eb.<\/p>\n<p>\u201cBeteja me miqt\u00eb \u00ebsht\u00eb m\u00eb e v\u00ebshtir\u00eb se me armiqt\u00eb\u201d, tha Berisha.<\/p>\n<p>\u201cZoti e deshti q\u00eb ata, me t\u00eb cil\u00ebt un\u00eb u p\u00ebrballa, presidenti aktual i SHBA t\u2019i shpall\u00eb armikun m\u00eb t\u00eb rreziksh\u00ebm p\u00ebr SHBA, m\u00eb t\u00eb rreziksh\u00ebm se Kina, Rusia dhe \u00e7do gj\u00eb tjet\u00ebr\u201d.<\/p>\n","protected":false},"excerpt":{"rendered":"<p>Kryetari i PD, Sali Berisha, n\u00eb intervist\u00ebn e tij n\u00eb \u00c7im Peka LIVE, rr\u00ebfeu se kur nisi beteja e tij p\u00ebr at\u00eb e quajti nj\u00eb rikthim. \u201cS\u00eb pari, dua t\u00eb b\u00ebj nj\u00eb sqarim. Un\u00eb, jo mendonin se kisha marr\u00eb fund, por un\u00eb isha ndar\u00eb me politik\u00ebn, p\u00ebrve\u00e7 FB dhe Instagramin, un\u00eb nuk kisha asnj\u00eb ambicie &hellip;<\/p>\n","protected":false},"author":4,"featured_media":105654,"comment_status":"closed","ping_status":"closed","sticky":false,"template":"","format":"standard","meta":{"footnotes":""},"categories":[37],"tags":[],"class_list":["post-105653","post","type-post","status-publish","format-standard","has-post-thumbnail","","category-politike"],"_links":{"self":[{"href":"https:\/\/rdnews.al\/index.php\/wp-json\/wp\/v2\/posts\/105653","targetHints":{"allow":["GET"]}}],"collection":[{"href":"https:\/\/rdnews.al\/index.php\/wp-json\/wp\/v2\/posts"}],"about":[{"href":"https:\/\/rdnews.al\/index.php\/wp-json\/wp\/v2\/types\/post"}],"author":[{"embeddable":true,"href":"https:\/\/rdnews.al\/index.php\/wp-json\/wp\/v2\/users\/4"}],"replies":[{"embeddable":true,"href":"https:\/\/rdnews.al\/index.php\/wp-json\/wp\/v2\/comments?post=105653"}],"version-history":[{"count":1,"href":"https:\/\/rdnews.al\/index.php\/wp-json\/wp\/v2\/posts\/105653\/revisions"}],"predecessor-version":[{"id":105655,"href":"https:\/\/rdnews.al\/index.php\/wp-json\/wp\/v2\/posts\/105653\/revisions\/105655"}],"wp:featuredmedia":[{"embeddable":true,"href":"https:\/\/rdnews.al\/index.php\/wp-json\/wp\/v2\/media\/105654"}],"wp:attachment":[{"href":"https:\/\/rdnews.al\/index.php\/wp-json\/wp\/v2\/media?parent=105653"}],"wp:term":[{"taxonomy":"category","embeddable":true,"href":"https:\/\/rdnews.al\/index.php\/wp-json\/wp\/v2\/categories?post=105653"},{"taxonomy":"post_tag","embeddable":true,"href":"https:\/\/rdnews.al\/index.php\/wp-json\/wp\/v2\/tags?post=105653"}],"curies":[{"name":"wp","href":"https:\/\/api.w.org\/{rel}","templated":true}]}}