{"id":105658,"date":"2025-02-24T20:25:35","date_gmt":"2025-02-24T20:25:35","guid":{"rendered":"https:\/\/rdnews.al\/?p=105658"},"modified":"2025-02-24T20:27:26","modified_gmt":"2025-02-24T20:27:26","slug":"105658","status":"publish","type":"post","link":"https:\/\/rdnews.al\/index.php\/2025\/02\/24\/105658\/","title":{"rendered":"Berisha: Du\u00e7ka paguante p\u00ebr festat e Hunter Biden"},"content":{"rendered":"<p>Kryetari i PD, Sali Berisha, iu p\u00ebrgjigj n\u00eb \u00c7im Peka LIVE pyetjes s\u00eb gazetarit Andi Bushati se a d\u00ebshtoi mosbindja civile.<\/p>\n<p>&#8220;Kompleksi i ndryshimeve k\u00ebto 4 muaj jan\u00eb t\u00eb jasht\u00ebzakonshme.<\/p>\n<p>K\u00ebto 4 muaj \u00e7far\u00eb ndodhi?<\/p>\n<p>Ndodhi q\u00eb ata, t\u00eb cil\u00ebt mbrojt\u00ebn, dhe n\u00eb fakt jan\u00eb bashk\u00ebautor\u00eb n\u00eb nd\u00ebrtimin e diktatur\u00ebs n\u00eb Shqip\u00ebri, ata mor\u00ebn nd\u00ebshkimin e popullit amerikan, por edhe u shpall\u00ebn rreziku m\u00eb madhor p\u00ebr SHBA.<\/p>\n<p>\u00c7far\u00eb do t\u00eb thoshte kjo p\u00ebr mua?<\/p>\n<p>Kjo nuk do thoshte se ata do b\u00ebrtasin rroft\u00eb Sali Berisha, jo. Por do thoshte se nuk do kishte m\u00eb ambasador q\u00eb do garantonte zgjedhjet pa u zhvilluar.<\/p>\n<p>Ishin nj\u00eb k\u00ebta, nuk dalloje dot ambasad\u00eb dhe qeveri. Mos harro nj\u00eb moment. Erdhi n\u00eb Shqip\u00ebri nj\u00eb zonj\u00eb e nderuar q\u00eb quhej Zhenoveiv Donfrid. Nj\u00eb diplomate e shquar. Shkoi n\u00eb takim me Edi Ram\u00ebn. Doli nga takimi, ajo b\u00ebri komunikat\u00ebn. Edi Rama komunikat\u00ebn e vet. Takova zonj\u00ebn Donfrid, biseduam p\u00ebr Ballkanin e Hapur. Presidenti Biden e mb\u00ebshtet Ballkanin e Hapur.<\/p>\n<p>Nuk ishte nj\u00eb lajthitje e Edi Ram\u00ebs.<\/p>\n<p>Dorian Du\u00e7ka, k\u00ebshilltari i Edi Ram\u00ebs, merrte Hunter Biden, e mbante nj\u00eb jav\u00eb n\u00eb Montekarlo n\u00eb kazino dhe drog\u00eb. Kur i mbaronin parat\u00eb, merrte biznesmen\u00ebt.<\/p>\n<p>N\u00eb ato kushte, mosbindja civile ishte e vetmja rrug\u00eb.<\/p>\n<p>Ajo nuk d\u00ebshtoi. \u00c7far\u00eb ndodhi? S\u00eb pari, u fituan n\u00eb aren\u00ebn nd\u00ebrkomb\u00ebtare tre rezoluta q\u00eb e damkos\u00ebn Edi Ram\u00ebn, i damkos\u00ebn zgjedhjet n\u00eb Shqip\u00ebri.<\/p>\n<p>Ndodh\u00ebn disa gj\u00ebra q\u00eb e ndryshuan n\u00eb m\u00ebnyr\u00eb thelb\u00ebsore situat\u00ebn. Tre rezoluta n\u00eb t\u00eb cilat Spaku i Edi Ram\u00ebs u shpall\u00ebn prokurori politike. Zgjedhjet u shpall\u00ebn fasad\u00eb p\u00ebr Edi Ram\u00ebn.<\/p>\n<p>Pra, u arrit nj\u00eb gj\u00eb, n\u00eb nj\u00eb koh\u00eb kur n\u00eb samite flitej p\u00ebr atletet e Edi Ram\u00ebs.<\/p>\n<p>Pastaj ndodhi p\u00ebrmbysja e madhe. A e dini ju se sot njeriu q\u00eb m\u00eb sanksionoi mua, nuk futet dot n\u00eb godinat federale se u provua ish-kryediplomati u provua nj\u00eb kryeg\u00ebnjeshtar.<\/p>\n<p>Ju e dini historin\u00eb e letr\u00ebs. Historia e letr\u00ebs ishte gj\u00ebja m\u00eb e turpshme&#8221;, tha Berisha.<\/p>\n","protected":false},"excerpt":{"rendered":"<p>Kryetari i PD, Sali Berisha, iu p\u00ebrgjigj n\u00eb \u00c7im Peka LIVE pyetjes s\u00eb gazetarit Andi Bushati se a d\u00ebshtoi mosbindja civile. &#8220;Kompleksi i ndryshimeve k\u00ebto 4 muaj jan\u00eb t\u00eb jasht\u00ebzakonshme. K\u00ebto 4 muaj \u00e7far\u00eb ndodhi? Ndodhi q\u00eb ata, t\u00eb cil\u00ebt mbrojt\u00ebn, dhe n\u00eb fakt jan\u00eb bashk\u00ebautor\u00eb n\u00eb nd\u00ebrtimin e diktatur\u00ebs n\u00eb Shqip\u00ebri, ata mor\u00ebn nd\u00ebshkimin &hellip;<\/p>\n","protected":false},"author":4,"featured_media":105661,"comment_status":"closed","ping_status":"closed","sticky":false,"template":"","format":"standard","meta":{"footnotes":""},"categories":[37],"tags":[],"class_list":["post-105658","post","type-post","status-publish","format-standard","has-post-thumbnail","","category-politike"],"_links":{"self":[{"href":"https:\/\/rdnews.al\/index.php\/wp-json\/wp\/v2\/posts\/105658","targetHints":{"allow":["GET"]}}],"collection":[{"href":"https:\/\/rdnews.al\/index.php\/wp-json\/wp\/v2\/posts"}],"about":[{"href":"https:\/\/rdnews.al\/index.php\/wp-json\/wp\/v2\/types\/post"}],"author":[{"embeddable":true,"href":"https:\/\/rdnews.al\/index.php\/wp-json\/wp\/v2\/users\/4"}],"replies":[{"embeddable":true,"href":"https:\/\/rdnews.al\/index.php\/wp-json\/wp\/v2\/comments?post=105658"}],"version-history":[{"count":3,"href":"https:\/\/rdnews.al\/index.php\/wp-json\/wp\/v2\/posts\/105658\/revisions"}],"predecessor-version":[{"id":105662,"href":"https:\/\/rdnews.al\/index.php\/wp-json\/wp\/v2\/posts\/105658\/revisions\/105662"}],"wp:featuredmedia":[{"embeddable":true,"href":"https:\/\/rdnews.al\/index.php\/wp-json\/wp\/v2\/media\/105661"}],"wp:attachment":[{"href":"https:\/\/rdnews.al\/index.php\/wp-json\/wp\/v2\/media?parent=105658"}],"wp:term":[{"taxonomy":"category","embeddable":true,"href":"https:\/\/rdnews.al\/index.php\/wp-json\/wp\/v2\/categories?post=105658"},{"taxonomy":"post_tag","embeddable":true,"href":"https:\/\/rdnews.al\/index.php\/wp-json\/wp\/v2\/tags?post=105658"}],"curies":[{"name":"wp","href":"https:\/\/api.w.org\/{rel}","templated":true}]}}