{"id":105663,"date":"2025-02-24T21:31:36","date_gmt":"2025-02-24T21:31:36","guid":{"rendered":"https:\/\/rdnews.al\/?p=105663"},"modified":"2025-02-24T21:32:14","modified_gmt":"2025-02-24T21:32:14","slug":"berisha-ne-vitin-2017-i-kerkova-bashes-te-jepte-doreheqjen","status":"publish","type":"post","link":"https:\/\/rdnews.al\/index.php\/2025\/02\/24\/berisha-ne-vitin-2017-i-kerkova-bashes-te-jepte-doreheqjen\/","title":{"rendered":"Berisha: N\u00eb vitin 2017 i k\u00ebrkova Bash\u00ebs t\u00eb jepte dor\u00ebheqjen"},"content":{"rendered":"<p>Kryetari i PD, Sali Berisha, gjat\u00eb nj\u00eb interviste p\u00ebr Syri tv, ka deklaruar se pas\u00a0humbjes n\u00eb zgjedhjet e vitit 2017, i kishte k\u00ebrkuar Lulzim Bash\u00ebs q\u00eb t\u00eb dor\u00ebhiqej nga posti i kryetarit t\u00eb PD-s\u00eb.<\/p>\n<p>Sipas tij, dor\u00ebheqja e tij duhej t\u00eb vinte sepse Partia Demokratike n\u00eb 2017 mori humbjen m\u00eb posht\u00ebruese t\u00eb saj. Berisha theksoi se, PD e nisi fushat\u00ebn e 2017 n\u00eb m\u00ebnyr\u00eb t\u00eb shk\u00eblqyer, por pas 1 jave gjith\u00e7ka u shk\u00ebrmoq.<\/p>\n<p>Berisha pretendon se q\u00eb pas dor\u00ebheqjes n\u00eb vitin 2013 dhe deri n\u00eb thirrjen e \u201cFoltores\u201d, nuk ka patur asnj\u00eb ndikim n\u00eb vendimet e PD-s\u00eb.<\/p>\n<p><em>\u201cUn\u00eb dhash\u00eb dor\u00ebheqjen dhe ju garantoj se, nga dita e dor\u00ebheqjes gjer dit\u00ebn e thirrjes s\u00eb foltores, Sali Berisha nuk ka marr\u00eb n\u00eb m\u00ebnyr\u00eb absolute pjes\u00eb n\u00eb asnj\u00eb mbledhje t\u00eb kryesis\u00eb s\u00eb PD, ku un\u00eb isha an\u00ebtar. N\u00eb 12 vite nuk ke d\u00ebgjuar nj\u00eb njeri t\u00eb vet\u00ebm, un\u00eb gjith\u00eb dit\u00ebn prisja njer\u00ebz, se mora k\u00ebt\u00eb apo at\u00eb udh\u00ebzim nga Sali Berisha. Po, un\u00eb kam nj\u00eb histori si \u00e7do njeri tjet\u00ebr. Ka qen\u00eb diktatur\u00eb dhe un\u00eb i kam b\u00ebr\u00eb ato shkrime, q\u00ebndrime pa asnj\u00eb q\u00ebndrim politik se diktatura po t\u00eb donte p\u00ebr 30 sekonda t\u00eb mbyllte goj\u00ebn. Un\u00eb i b\u00ebra, sepse duhej t\u00eb b\u00ebja at\u00eb si intelektual.<\/em><\/p>\n<p><em>Fillimisht \u00e7far\u00eb ndodhi. Ai (Basha) nuk dilte n\u00eb media. Dhe un\u00eb i thash\u00eb nj\u00ebher\u00eb, dy her\u00eb dhe m\u00eb pas nuk i fola m\u00eb. Ndodhnin gj\u00ebrat, por njer\u00ebzit duhet t\u00eb d\u00ebgjonin nj\u00eb z\u00eb kund\u00ebr. M\u00eb thot\u00eb zyra e shtypit thoshte, por njer\u00ebzit duan nj\u00eb z\u00eb kund\u00ebr.\u00a0Merrni vitin e tij t\u00eb par\u00eb dhe t\u00eb dytin, daljet e tij n\u00eb media num\u00ebroheshin me gishtat e dor\u00ebs. Un\u00eb natyrisht shprehja q\u00ebndrimet e mia, edhe n\u00eb konferenca shtypi, kund\u00ebr d\u00ebshir\u00ebs time. Kur ai filloi t\u00eb flas\u00eb, ju ndez\u00ebn llambat i lash\u00eb konferencat e shtypit, merresha me Facebook dhe studio kur m\u00eb ftonin.\u00a0Kisha nj\u00eb ligj un\u00eb, q\u00eb po t\u00eb pyeti do jap\u00ebsh mendimin si vetes t\u00ebnde, ndryshe nuk duhet t\u00eb p\u00ebrzihesh.<\/em><\/p>\n<p><em>N\u00eb vitin 2017 i kam k\u00ebrkuar dor\u00ebheqjen atij. I kam th\u00ebn\u00eb, Lul duhet t\u00eb jap\u00ebsh dor\u00ebheqjen sepse kjo \u00ebsht\u00eb humbja m\u00eb posht\u00ebruese q\u00eb kemi marr\u00eb ne, pa asnj\u00eb arsye.\u00a0Filloi nj\u00eb fushat\u00eb, p\u00ebr mua t\u00eb shk\u00eblqyer jav\u00ebn e par\u00eb. E vidhisi fushat\u00ebn, e t\u00ebrhoqi p\u00ebr hunde Edi Rama, e b\u00ebri lolo n\u00eb fushat\u00eb dhe b\u00ebn hero Ilir Met\u00ebn dhe dilnin pollet, dhe i vetmi opozitar dilte Ilir Meta q\u00eb ishte n\u00eb pushtet gjer dit\u00ebn e fundit.\u00a0Dhe i kam th\u00ebn\u00eb, kjo \u00ebsht\u00eb humbje posht\u00ebruese, prandaj k\u00ebt\u00eb humbje do jap\u00ebsh dor\u00ebheqjen dhe ti je lider i thyer.\u00a0Un\u00eb nuk isha njeri dosido, nuk isha njeriu q\u00eb ik ti, t\u00eb vij\u00eb tjetri. Jo. Pastaj mbetej t\u00eb fusja veten n\u00eb loj\u00eb, e un\u00eb nuk doja t\u00eb futesha n\u00eb loj\u00eb.\u00a0I gjith\u00eb q\u00ebndrimi im ka qen\u00eb i nj\u00eb ngurt\u00ebsimi t\u00eb plot\u00eb dhe p\u00ebrfundimtar drejt p\u00ebrfshirjes n\u00eb iden\u00eb e rikthimit tim. Jo.\u00a0Un\u00eb i kisha marr\u00eb vendimet e mia dhe <\/em><em>un\u00eb i q\u00ebndroj vendimeve t\u00eb mia\u201d,<\/em> deklaroi Berisha.<\/p>\n","protected":false},"excerpt":{"rendered":"<p>Kryetari i PD, Sali Berisha, gjat\u00eb nj\u00eb interviste p\u00ebr Syri tv, ka deklaruar se pas\u00a0humbjes n\u00eb zgjedhjet e vitit 2017, i kishte k\u00ebrkuar Lulzim Bash\u00ebs q\u00eb t\u00eb dor\u00ebhiqej nga posti i kryetarit t\u00eb PD-s\u00eb. Sipas tij, dor\u00ebheqja e tij duhej t\u00eb vinte sepse Partia Demokratike n\u00eb 2017 mori humbjen m\u00eb posht\u00ebruese t\u00eb saj. Berisha theksoi &hellip;<\/p>\n","protected":false},"author":4,"featured_media":2791,"comment_status":"closed","ping_status":"closed","sticky":false,"template":"","format":"standard","meta":{"footnotes":""},"categories":[37],"tags":[],"class_list":["post-105663","post","type-post","status-publish","format-standard","has-post-thumbnail","","category-politike"],"_links":{"self":[{"href":"https:\/\/rdnews.al\/index.php\/wp-json\/wp\/v2\/posts\/105663","targetHints":{"allow":["GET"]}}],"collection":[{"href":"https:\/\/rdnews.al\/index.php\/wp-json\/wp\/v2\/posts"}],"about":[{"href":"https:\/\/rdnews.al\/index.php\/wp-json\/wp\/v2\/types\/post"}],"author":[{"embeddable":true,"href":"https:\/\/rdnews.al\/index.php\/wp-json\/wp\/v2\/users\/4"}],"replies":[{"embeddable":true,"href":"https:\/\/rdnews.al\/index.php\/wp-json\/wp\/v2\/comments?post=105663"}],"version-history":[{"count":1,"href":"https:\/\/rdnews.al\/index.php\/wp-json\/wp\/v2\/posts\/105663\/revisions"}],"predecessor-version":[{"id":105664,"href":"https:\/\/rdnews.al\/index.php\/wp-json\/wp\/v2\/posts\/105663\/revisions\/105664"}],"wp:featuredmedia":[{"embeddable":true,"href":"https:\/\/rdnews.al\/index.php\/wp-json\/wp\/v2\/media\/2791"}],"wp:attachment":[{"href":"https:\/\/rdnews.al\/index.php\/wp-json\/wp\/v2\/media?parent=105663"}],"wp:term":[{"taxonomy":"category","embeddable":true,"href":"https:\/\/rdnews.al\/index.php\/wp-json\/wp\/v2\/categories?post=105663"},{"taxonomy":"post_tag","embeddable":true,"href":"https:\/\/rdnews.al\/index.php\/wp-json\/wp\/v2\/tags?post=105663"}],"curies":[{"name":"wp","href":"https:\/\/api.w.org\/{rel}","templated":true}]}}