{"id":105665,"date":"2025-02-24T21:34:34","date_gmt":"2025-02-24T21:34:34","guid":{"rendered":"https:\/\/rdnews.al\/?p=105665"},"modified":"2025-02-24T21:34:34","modified_gmt":"2025-02-24T21:34:34","slug":"berisha-administrata-biden-promovoi-korrupsionin-ne-shqiperi","status":"publish","type":"post","link":"https:\/\/rdnews.al\/index.php\/2025\/02\/24\/berisha-administrata-biden-promovoi-korrupsionin-ne-shqiperi\/","title":{"rendered":"Berisha: Administrata Biden promovoi korrupsionin n\u00eb Shqip\u00ebri"},"content":{"rendered":"<p>Kryetari i Partis\u00eb Demokratike, Sali Berisha akuzoi administrat\u00ebn e Joe Biden, se m\u00eb mb\u00ebshtetjen q\u00eb i jepte Edi Ram\u00ebs, pas skandalit t\u00eb tij me Charles McGonigalm, tregonte se nuk e kishte \u00e7\u00ebshtje kryesore, luft\u00ebn ndaj korrupsionit.<\/p>\n<p>Gjat\u00eb bised\u00ebs n\u00eb \u2018\u00c7im Peka LIVE\u2019 n\u00eb SYRI TV, kryedemokrati Sali Berisha u shpreh se, \u00e7\u00ebshtja McGonigal \u00ebsht\u00eb s\u00ebrish n\u00eb tryez\u00ebn e administrat\u00ebs s\u00eb re t\u00eb SHBA, pas em\u00ebrimeve t\u00eb fundit t\u00eb b\u00ebra nga Donald Trump.<\/p>\n<div id=\"rekl-13\">\n<div id=\"__sap-ad-15\" class=\"__sap-ads __sap-html inline tracked\" data-title=\"Credins desktop Brenda lajmit 08\"><em>\u2018Fitorja ka nj\u00eb sekret, pushtimi i mendjes dhe zemrave t\u00eb qytetar\u00ebve. Fitorja ka nj\u00eb binom, t\u00eb fitosh mendjen dhe zemr\u00ebn e shqiptar\u00ebve dhe un\u00eb e shoh se kjo po ndodh.<\/em><\/div>\n<\/div>\n<p><em>S\u00eb dyti, nuk mund ta mohoj se n\u00ebse p\u00ebrpara kishte nj\u00eb arbit\u00ebr q\u00eb i firmoste \u00e7do gj\u00eb Ram\u00ebs, tani ai e mori nj\u00eb paralajm\u00ebrim n\u00eb Rogner nga kryestrategu i rikthimit m\u00eb t\u00eb fuqish\u00ebm n\u00eb historin\u00eb e njer\u00ebzimit, q\u00eb dihet se ti nuk b\u00ebn zgjedhje.<\/em><\/p>\n<p><em>Ja tha n\u00eb sy.\u00a0<\/em><em>Un\u00eb e marr se n\u00eb rast se reziston, se un\u00eb shoh shenja t\u00eb k\u00ebqija, por n\u00ebse reziston deri n\u00eb 11 maj, 11 maji \u00ebsht\u00eb dita e funeralit t\u00eb tij politik.<\/em><\/p>\n<p><em>Rasti Edi Rama McGonigal i kishte hequr \u00e7do kart\u00eb morale administrat\u00ebs s\u00eb Joe Biden se ajo ishte kund\u00ebr korrupsionit. Nuk kishte rast m\u00eb flagrant korruptiv se sa ky dhe un\u00eb them se, ajo administrat\u00eb me k\u00ebto q\u00ebndrime promovoi korrupsionin n\u00eb Shqip\u00ebri dhe bot\u00eb.<\/em><\/p>\n<div class=\"jnews_inline_related_post_wrapper left\">\n<div class=\"jnews_inline_related_post\">\n<div class=\"jeg_postblock_29 jeg_postblock jeg_module_hook jeg_pagination_disable jeg_col_2o3 jnews_module_1511839_1_67bce330b28af   \" data-unique=\"jnews_module_1511839_1_67bce330b28af\">\n<div class=\"jeg_block_heading jeg_block_heading_6 jeg_subcat_right\"><\/div>\n<div class=\"jeg_block_navigation\"><em>Ti flet p\u00ebr korrupsion dhe ke tjetrin q\u00eb i ka dh\u00ebn\u00eb thesit me para kryezbuluesit t\u00ebnd, njeriut q\u00eb duhej t\u00eb mbronte qytetar\u00ebt nga korrupsioni, dhe nuk mban asnj\u00eb q\u00ebndrim dhe atij i fut 2 vite e 8 muaj kurse k\u00ebtij i \u00e7on Antony Blinken 1 dit\u00eb para se t\u00eb d\u00ebnohet McGonigal dhe k\u00ebtu vinte kryeg\u00ebnjeshtari dhe u thoshte shqiptar\u00ebve se, Edi Rama \u00ebsht\u00eb njeri i jasht\u00ebzakonsh\u00ebm dhe k\u00ebtu nuk takonte asnj\u00eb njeri nga opozita, p\u00ebrve\u00e7 se p\u00ebrg\u00ebzonte Altin Dumanin se kishte v\u00ebn\u00eb n\u00eb arrest, Sali Berish\u00ebn.<\/em><\/div>\n<\/div>\n<\/div>\n<\/div>\n<p><em>T\u00eb vinte kryezbuluesi kryesor, se Nju Jorku \u00ebsht\u00eb epiqendra bot\u00ebrore. Ai njeri kur kan\u00eb patur nj\u00eb problem themelor t\u00eb CIA me Kin\u00ebn, nuk kan\u00eb vendosur nj\u00eb zyrtar t\u00eb lart\u00eb p\u00ebr hetimin e fenomenin, por kan\u00eb marr\u00eb McGonigal p\u00ebr hetimin, kaq i r\u00ebnd\u00ebsish\u00ebm ishte, dhe ky merr thesin.<\/em><\/p>\n<p><em>N\u00eb nj\u00eb koh\u00eb kur marrin nj\u00eb president nga Ekuadori a se ku e marrin, e sjellin n\u00eb Uashington p\u00ebr ta d\u00ebnuar p\u00ebr lidhje me krimin. Por a ka lidhje m\u00eb t\u00eb madhe se kjo me krimin.<\/em><\/p>\n<p><em>N\u00eb k\u00ebt\u00eb kontekst kam pasur gjithnj\u00eb besim se drejt\u00ebsia amerikane do t\u00eb flas\u00eb. E ka dosjen k\u00ebtu, e mbron Altin Dumani. Kjo dosje \u00ebsht\u00eb nd\u00ebrkomb\u00ebtare dhe nuk ekziston nj\u00eb e dyt\u00eb si kjo dosje.<\/em><\/p>\n<p><em>Aty ka brenda n\u00eb akte, udh\u00ebtimin n\u00eb Vien\u00eb, angazhimi i nj\u00eb prokurori amerikan p\u00ebr t\u00eb hetuar Durim Bamin.<\/em><\/p>\n<p><em>K\u00ebto gj\u00ebra, d\u00ebshmonin k\u00ebt\u00eb se p\u00ebr administr\u00ebt\u00ebn Biden, korrupsioni ishte zero, ishte demagogji kryek\u00ebput.<\/em><\/p>\n<p><em>Nga t\u00eb gjitha deklarata e Trump, kam nj\u00eb deklarat\u00eb q\u00eb e quaj m\u00eb historike se; armiku m\u00eb i rreziksh\u00ebm p\u00ebr SHBA \u00ebsht\u00eb armiku i brendsh\u00ebm dhe jo Kina e Rusia\u2019,<\/em>\u00a0theksoi kreu i PD-s\u00eb, Sali Berisha n\u00eb SYRI TV.<\/p>\n","protected":false},"excerpt":{"rendered":"<p>Kryetari i Partis\u00eb Demokratike, Sali Berisha akuzoi administrat\u00ebn e Joe Biden, se m\u00eb mb\u00ebshtetjen q\u00eb i jepte Edi Ram\u00ebs, pas skandalit t\u00eb tij me Charles McGonigalm, tregonte se nuk e kishte \u00e7\u00ebshtje kryesore, luft\u00ebn ndaj korrupsionit. Gjat\u00eb bised\u00ebs n\u00eb \u2018\u00c7im Peka LIVE\u2019 n\u00eb SYRI TV, kryedemokrati Sali Berisha u shpreh se, \u00e7\u00ebshtja McGonigal \u00ebsht\u00eb s\u00ebrish &hellip;<\/p>\n","protected":false},"author":4,"featured_media":105654,"comment_status":"closed","ping_status":"closed","sticky":false,"template":"","format":"standard","meta":{"footnotes":""},"categories":[37],"tags":[],"class_list":["post-105665","post","type-post","status-publish","format-standard","has-post-thumbnail","","category-politike"],"_links":{"self":[{"href":"https:\/\/rdnews.al\/index.php\/wp-json\/wp\/v2\/posts\/105665","targetHints":{"allow":["GET"]}}],"collection":[{"href":"https:\/\/rdnews.al\/index.php\/wp-json\/wp\/v2\/posts"}],"about":[{"href":"https:\/\/rdnews.al\/index.php\/wp-json\/wp\/v2\/types\/post"}],"author":[{"embeddable":true,"href":"https:\/\/rdnews.al\/index.php\/wp-json\/wp\/v2\/users\/4"}],"replies":[{"embeddable":true,"href":"https:\/\/rdnews.al\/index.php\/wp-json\/wp\/v2\/comments?post=105665"}],"version-history":[{"count":1,"href":"https:\/\/rdnews.al\/index.php\/wp-json\/wp\/v2\/posts\/105665\/revisions"}],"predecessor-version":[{"id":105666,"href":"https:\/\/rdnews.al\/index.php\/wp-json\/wp\/v2\/posts\/105665\/revisions\/105666"}],"wp:featuredmedia":[{"embeddable":true,"href":"https:\/\/rdnews.al\/index.php\/wp-json\/wp\/v2\/media\/105654"}],"wp:attachment":[{"href":"https:\/\/rdnews.al\/index.php\/wp-json\/wp\/v2\/media?parent=105665"}],"wp:term":[{"taxonomy":"category","embeddable":true,"href":"https:\/\/rdnews.al\/index.php\/wp-json\/wp\/v2\/categories?post=105665"},{"taxonomy":"post_tag","embeddable":true,"href":"https:\/\/rdnews.al\/index.php\/wp-json\/wp\/v2\/tags?post=105665"}],"curies":[{"name":"wp","href":"https:\/\/api.w.org\/{rel}","templated":true}]}}