{"id":105667,"date":"2025-02-24T21:49:21","date_gmt":"2025-02-24T21:49:21","guid":{"rendered":"https:\/\/rdnews.al\/?p=105667"},"modified":"2025-02-24T22:49:58","modified_gmt":"2025-02-24T22:49:58","slug":"veliaj-ne-gjendje-te-renduar-psikologjike-ne-qeli","status":"publish","type":"post","link":"https:\/\/rdnews.al\/index.php\/2025\/02\/24\/veliaj-ne-gjendje-te-renduar-psikologjike-ne-qeli\/","title":{"rendered":"Veliaj n\u00eb gjendje t\u00eb r\u00ebnduar psikologjike n\u00eb qeli"},"content":{"rendered":"<p>Veliaj \u00ebsht\u00eb n\u00eb nj\u00eb gjendje t\u00eb r\u00ebnduar psikologjike n\u00eb qelin\u00eb e burgut t\u00eb Durr\u00ebsit. I m\u00ebsuar t\u00eb jetoj\u00eb nj\u00eb jet\u00eb luksi dhe me udh\u00ebtime t\u00eb shumta, mbyllja n\u00eb qeli e ka r\u00ebnduar situat\u00ebn nga ana psikologjike.<\/p>\n<p>Kjo v\u00ebrehet edhe n\u00eb postimet e shpeshta q\u00eb ai b\u00ebn nga burgu. I ngjajn\u00eb reagimeve t\u00eb nj\u00eb f\u00ebmije t\u00eb qan, ul\u00ebret dhe shan. Nuk thot\u00eb asgj\u00eb q\u00eb t\u00eb ket\u00eb nj\u00eb thelb politik, apo nj\u00eb mbrojtje dinjitoze p\u00ebr akuzat q\u00eb ai akuzohet.<\/p>\n<p>N\u00eb m\u00eb t\u00eb shumt\u00ebn e postimeve ai g\u00ebnjen duke i b\u00ebr\u00eb krejt t\u00eb pavlera reagimet e tij dhe k\u00ebto g\u00ebnjeshtra publike t\u00eb nj\u00eb njeriu q\u00eb deri dje konsiderohej mjaft i r\u00ebnd\u00ebsish\u00ebm politikisht tregojn\u00eb se ai ka humbur ekuilibrat mendor\u00eb.<\/p>\n<p>Edhe burime nga burgu flasin p\u00ebr sjellje t\u00eb pakontrolluara t\u00eb tij. P\u00ebrjetimi i privimit nga liria e ka tjet\u00ebrsuar at\u00eb. Ai \u00ebsht\u00eb braktisur dhe kjo e b\u00ebn at\u00eb q\u00eb ta p\u00ebrjetoj\u00eb akoma m\u00eb keq burgun.<\/p>\n","protected":false},"excerpt":{"rendered":"<p>Veliaj \u00ebsht\u00eb n\u00eb nj\u00eb gjendje t\u00eb r\u00ebnduar psikologjike n\u00eb qelin\u00eb e burgut t\u00eb Durr\u00ebsit. I m\u00ebsuar t\u00eb jetoj\u00eb nj\u00eb jet\u00eb luksi dhe me udh\u00ebtime t\u00eb shumta, mbyllja n\u00eb qeli e ka r\u00ebnduar situat\u00ebn nga ana psikologjike. Kjo v\u00ebrehet edhe n\u00eb postimet e shpeshta q\u00eb ai b\u00ebn nga burgu. I ngjajn\u00eb reagimeve t\u00eb nj\u00eb f\u00ebmije t\u00eb &hellip;<\/p>\n","protected":false},"author":3,"featured_media":105668,"comment_status":"closed","ping_status":"closed","sticky":false,"template":"","format":"standard","meta":{"footnotes":""},"categories":[37],"tags":[],"class_list":["post-105667","post","type-post","status-publish","format-standard","has-post-thumbnail","","category-politike"],"_links":{"self":[{"href":"https:\/\/rdnews.al\/index.php\/wp-json\/wp\/v2\/posts\/105667","targetHints":{"allow":["GET"]}}],"collection":[{"href":"https:\/\/rdnews.al\/index.php\/wp-json\/wp\/v2\/posts"}],"about":[{"href":"https:\/\/rdnews.al\/index.php\/wp-json\/wp\/v2\/types\/post"}],"author":[{"embeddable":true,"href":"https:\/\/rdnews.al\/index.php\/wp-json\/wp\/v2\/users\/3"}],"replies":[{"embeddable":true,"href":"https:\/\/rdnews.al\/index.php\/wp-json\/wp\/v2\/comments?post=105667"}],"version-history":[{"count":2,"href":"https:\/\/rdnews.al\/index.php\/wp-json\/wp\/v2\/posts\/105667\/revisions"}],"predecessor-version":[{"id":105670,"href":"https:\/\/rdnews.al\/index.php\/wp-json\/wp\/v2\/posts\/105667\/revisions\/105670"}],"wp:featuredmedia":[{"embeddable":true,"href":"https:\/\/rdnews.al\/index.php\/wp-json\/wp\/v2\/media\/105668"}],"wp:attachment":[{"href":"https:\/\/rdnews.al\/index.php\/wp-json\/wp\/v2\/media?parent=105667"}],"wp:term":[{"taxonomy":"category","embeddable":true,"href":"https:\/\/rdnews.al\/index.php\/wp-json\/wp\/v2\/categories?post=105667"},{"taxonomy":"post_tag","embeddable":true,"href":"https:\/\/rdnews.al\/index.php\/wp-json\/wp\/v2\/tags?post=105667"}],"curies":[{"name":"wp","href":"https:\/\/api.w.org\/{rel}","templated":true}]}}