{"id":105716,"date":"2025-02-25T11:10:54","date_gmt":"2025-02-25T11:10:54","guid":{"rendered":"https:\/\/rdnews.al\/?p=105716"},"modified":"2025-02-25T11:10:54","modified_gmt":"2025-02-25T11:10:54","slug":"veliaj-presion-ndaj-spak-ut-klp-qendrojme-ne-mbeshtetje-te-prokurorit-ols-dado","status":"publish","type":"post","link":"https:\/\/rdnews.al\/index.php\/2025\/02\/25\/veliaj-presion-ndaj-spak-ut-klp-qendrojme-ne-mbeshtetje-te-prokurorit-ols-dado\/","title":{"rendered":"Veliaj presion ndaj SPAK-ut\/ KLP: Q\u00ebndrojm\u00eb n\u00eb mb\u00ebshtetje t\u00eb prokurorit Ols Dado"},"content":{"rendered":"<p>K\u00ebshilli i Lart\u00eb i Prokuroris\u00eb ka reaguar pas sulmit t\u00eb Erion Veliajt ndaj prokurorit t\u00eb \u00e7\u00ebshtjes s\u00eb tij, duke u shprehur se \u201cq\u00ebndrojm\u00eb n\u00eb mb\u00ebshtetje t\u00eb Ols Dado\u201d.<\/p>\n<p>KLP ka shprehur shqet\u00ebsimin, sipas tyre, p\u00ebr fushat\u00ebn e vazhdueshme t\u00eb sulmeve, etiketimeve denigruese dhe p\u00ebrpjekjeve p\u00ebr presion ndaj prokuror\u00ebve t\u00eb SPAK.<\/p>\n<p><em>\u201c\u00c7do p\u00ebrpjekje p\u00ebr t\u00eb ndikuar p\u00ebrmes presioneve publike apo debatit politik minon parimet e demokracis\u00eb\u201d,<\/em>\u00a0thuhet n\u00eb reagim.<\/p>\n<p>K\u00ebshilli i Lart\u00eb i Prokuroris\u00eb thekson se q\u00ebndron n\u00eb mb\u00ebshtetje t\u00eb prokurorit Olsi Dado dhe t\u00eb gjith\u00eb prokuror\u00ebve t\u00eb Republik\u00ebs s\u00eb Shqip\u00ebris\u00eb, n\u00eb m\u00ebnyr\u00eb q\u00eb ata t\u00eb ushtrojn\u00eb funksionin e tyre n\u00eb p\u00ebrputhje me ligjin, si e vetmja garanci q\u00eb drejt\u00ebsia t\u00eb funksionoj\u00eb mbi baz\u00ebn e fakteve, provave dhe procesit t\u00eb drejt\u00eb ligjor.<\/p>\n<p><strong>Reagimi i plot\u00eb nga KLP<\/strong><\/p>\n<p><em>\u201cK\u00ebshilli i Lart\u00eb i Prokuroris\u00eb (KLP) shpreh shqet\u00ebsimin p\u00ebr fushat\u00ebn e vazhdueshme t\u00eb sulmeve, etiketimeve denigruese dhe p\u00ebrpjekjeve p\u00ebr presion ndaj prokuror\u00ebve t\u00eb SPAK-ut n\u00eb p\u00ebrgjith\u00ebsi dhe n\u00eb ve\u00e7anti ndaj prokurorit t\u00eb Prokuroris\u00eb s\u00eb Posa\u00e7me Olsi Dado. Deklarata t\u00eb artikuluara jo vet\u00ebm nga disa segmente t\u00eb caktuara mediatike, por edhe nga persona t\u00eb p\u00ebrfshir\u00eb n\u00eb hetime ose t\u00eb akuzuar prej tyre, p\u00ebrfshir\u00eb zyrtar\u00eb t\u00eb lart\u00eb, d\u00ebmtojn\u00eb integritetin dhe besimin n\u00eb drejt\u00ebsin\u00eb shqiptare. Sulmet verbale cenojn\u00eb procesin e drejt\u00eb hetimor dhe gjyq\u00ebsor, si garanci themelore t\u00eb shtetit t\u00eb s\u00eb drejt\u00ebs.<\/em><\/p>\n<p><em>KLP b\u00ebn thirrje q\u00eb \u00e7do pretendim, akuz\u00eb apo ankes\u00eb ndaj nj\u00eb prokurori, t\u00eb trajtohet n\u00eb p\u00ebrputhje me ligjin dhe brenda kuadrit institucional. KLP rithekson r\u00ebnd\u00ebsin\u00eb e respektimit t\u00eb standardeve etike t\u00eb raportimit nga mediat, duke siguruar paanshm\u00ebrin\u00eb n\u00eb informimin e opinionit publik, p\u00ebr t\u00eb shmangur \u00e7do form\u00eb dezinformimi q\u00eb mund t\u00eb ndikoj\u00eb n\u00eb integritetin e proceseve gjyq\u00ebsore. N\u00eb respekt t\u00eb nj\u00eb sistemi t\u00eb pavarur gjyq\u00ebsor, b\u00ebjm\u00eb thirrje p\u00ebr t\u00eb treguar durim dhe maturi. \u00c7do p\u00ebrpjekje p\u00ebr t\u00eb ndikuar p\u00ebrmes presioneve publike apo debatit politik minon parimet e demokracis\u00eb.<\/em><\/p>\n<p><em>K\u00ebshilli i Lart\u00eb i Prokuroris\u00eb q\u00ebndron n\u00eb mb\u00ebshtetje t\u00eb prokurorit Olsi Dado dhe t\u00eb gjith\u00eb prokuror\u00ebve t\u00eb Republik\u00ebs s\u00eb Shqip\u00ebris\u00eb, q\u00eb ata t\u00eb ushtrojn\u00eb funksionin e tyre n\u00eb p\u00ebrputhje me ligjin, si e vetmja garanci q\u00eb drejt\u00ebsia t\u00eb funksionoj\u00eb mbi baz\u00ebn e fakteve, provave dhe procesit t\u00eb drejt\u00eb ligjor\u201d,<\/em>\u00a0thuhet n\u00eb njoftim.<\/p>\n","protected":false},"excerpt":{"rendered":"<p>K\u00ebshilli i Lart\u00eb i Prokuroris\u00eb ka reaguar pas sulmit t\u00eb Erion Veliajt ndaj prokurorit t\u00eb \u00e7\u00ebshtjes s\u00eb tij, duke u shprehur se \u201cq\u00ebndrojm\u00eb n\u00eb mb\u00ebshtetje t\u00eb Ols Dado\u201d. KLP ka shprehur shqet\u00ebsimin, sipas tyre, p\u00ebr fushat\u00ebn e vazhdueshme t\u00eb sulmeve, etiketimeve denigruese dhe p\u00ebrpjekjeve p\u00ebr presion ndaj prokuror\u00ebve t\u00eb SPAK. \u201c\u00c7do p\u00ebrpjekje p\u00ebr t\u00eb ndikuar &hellip;<\/p>\n","protected":false},"author":4,"featured_media":105717,"comment_status":"closed","ping_status":"closed","sticky":false,"template":"","format":"standard","meta":{"footnotes":""},"categories":[37],"tags":[],"class_list":["post-105716","post","type-post","status-publish","format-standard","has-post-thumbnail","","category-politike"],"_links":{"self":[{"href":"https:\/\/rdnews.al\/index.php\/wp-json\/wp\/v2\/posts\/105716","targetHints":{"allow":["GET"]}}],"collection":[{"href":"https:\/\/rdnews.al\/index.php\/wp-json\/wp\/v2\/posts"}],"about":[{"href":"https:\/\/rdnews.al\/index.php\/wp-json\/wp\/v2\/types\/post"}],"author":[{"embeddable":true,"href":"https:\/\/rdnews.al\/index.php\/wp-json\/wp\/v2\/users\/4"}],"replies":[{"embeddable":true,"href":"https:\/\/rdnews.al\/index.php\/wp-json\/wp\/v2\/comments?post=105716"}],"version-history":[{"count":1,"href":"https:\/\/rdnews.al\/index.php\/wp-json\/wp\/v2\/posts\/105716\/revisions"}],"predecessor-version":[{"id":105718,"href":"https:\/\/rdnews.al\/index.php\/wp-json\/wp\/v2\/posts\/105716\/revisions\/105718"}],"wp:featuredmedia":[{"embeddable":true,"href":"https:\/\/rdnews.al\/index.php\/wp-json\/wp\/v2\/media\/105717"}],"wp:attachment":[{"href":"https:\/\/rdnews.al\/index.php\/wp-json\/wp\/v2\/media?parent=105716"}],"wp:term":[{"taxonomy":"category","embeddable":true,"href":"https:\/\/rdnews.al\/index.php\/wp-json\/wp\/v2\/categories?post=105716"},{"taxonomy":"post_tag","embeddable":true,"href":"https:\/\/rdnews.al\/index.php\/wp-json\/wp\/v2\/tags?post=105716"}],"curies":[{"name":"wp","href":"https:\/\/api.w.org\/{rel}","templated":true}]}}