{"id":105723,"date":"2025-02-25T12:22:53","date_gmt":"2025-02-25T12:22:53","guid":{"rendered":"https:\/\/rdnews.al\/?p=105723"},"modified":"2025-02-25T12:22:53","modified_gmt":"2025-02-25T12:22:53","slug":"olsi-te-xibraka-rama-eshte-shpifje-reagon-bardhi-je-i-renduar-psikologjikisht","status":"publish","type":"post","link":"https:\/\/rdnews.al\/index.php\/2025\/02\/25\/olsi-te-xibraka-rama-eshte-shpifje-reagon-bardhi-je-i-renduar-psikologjikisht\/","title":{"rendered":"Olsi te \u201cXibraka\u201d, Rama \u00ebsht\u00eb shpifje, reagon Bardhi: Je i r\u00ebnduar psikologjikisht&#8230;"},"content":{"rendered":"<p>Kryeministri Edi Rama publikoi nj\u00eb mesazh q\u00eb i ka ardhur nga koordinatori juridik i atyre q\u00eb i quajti \u201cgjyqe me k\u00ebnet\u00ebn\u201d.<\/p>\n<p>Me an\u00eb t\u00eb nj\u00eb postimi n\u00eb X, Rama shkruan se, \u201cavokat\u00ebt e deputetit t\u00eb PD kan\u00eb k\u00ebrkuar q\u00eb t\u00eb mos merreshin parasysh deklaratat, pasi ato q\u00eb ka th\u00ebn\u00eb Bardhi jan\u00eb fakte t\u00eb njohura\u201d.<\/p>\n<p>Kreu i Grupit Parlamentar t\u00eb Partis\u00eb Demokratike, Gazment Bardhi, i \u00ebsht\u00eb p\u00ebrgjigjur reagimit t\u00eb kryeministrin Rama, i cili ka treguar se n\u00eb gjyqin p\u00ebr shpifje me demokratin, avokat\u00ebt e k\u00ebtij t\u00eb fundit kan\u00eb k\u00ebrkuar q\u00eb t\u00eb mos merreshin parasysh deklaratat, pasi ato q\u00eb ka th\u00ebn\u00eb Bardhi jan\u00eb fakte t\u00eb njohura.<\/p>\n<p>Me an\u00eb t\u00eb nj\u00eb postimi n\u00eb X, Bardhi i ka cil\u00ebsuar t\u00eb pav\u00ebreteta akuzat e kreut t\u00eb qeveris\u00eb, nd\u00ebrsa ka ironizuar duke th\u00ebn\u00eb se: \u201cKoordinatori t\u00eb paska ngr\u00ebn\u00eb \u201cdardha e moll\u00eb\u201d pas shpine! Pyete edhe nj\u00eb her\u00eb \u201ckoordinatorin juridik\u201d se ose s\u2019ke kuptuar \u00e7\u2019t\u00eb ka th\u00ebn\u00eb, ose t\u00eb ka g\u00ebnjyer!\u201d<\/p>\n<p>M\u00eb tej Bardhi shkruan se sipas tij, Rama s\u2019ka kuptuar gj\u00eb, dhe se kryeministri duhet t\u00eb ndaj\u00eb mendjen se p\u00ebr k\u00eb ka shpifur deputeti i PD.<\/p>\n<p>\u201cKoordinatori t\u00eb paska ngr\u00ebn\u00eb \u201cdardha e moll\u00eb\u201d pas shpine! Pyete edhe nj\u00eb her\u00eb \u201ckoordinatorin juridik\u201d se ose s\u2019ke kuptuar \u00e7\u2019t\u00eb ka th\u00ebn\u00eb, ose t\u00eb ka g\u00ebnjyer! Gjasat jan\u00eb q\u00eb s\u2019ke kuptuar gj\u00eb, sepse jo vet\u00ebm s\u2019merr vesh nga ligji, por k\u00ebt\u00eb periudh\u00eb je pak i r\u00ebnduar psikologjikisht. S\u2019ke faj: u b\u00ebn\u00eb shum\u00eb dardh\u00eb e shum\u00eb moll\u00eb pas shpine! Deri tek \u201cmolla e dardha\u201d e radh\u00ebs merre qet\u00eb, dhe ndaje mendjen kam shpifur p\u00ebr ty apo vlla Olsin!&#8221;, shkruan Bardhi.<\/p>\n","protected":false},"excerpt":{"rendered":"<p>Kryeministri Edi Rama publikoi nj\u00eb mesazh q\u00eb i ka ardhur nga koordinatori juridik i atyre q\u00eb i quajti \u201cgjyqe me k\u00ebnet\u00ebn\u201d. Me an\u00eb t\u00eb nj\u00eb postimi n\u00eb X, Rama shkruan se, \u201cavokat\u00ebt e deputetit t\u00eb PD kan\u00eb k\u00ebrkuar q\u00eb t\u00eb mos merreshin parasysh deklaratat, pasi ato q\u00eb ka th\u00ebn\u00eb Bardhi jan\u00eb fakte t\u00eb njohura\u201d. Kreu &hellip;<\/p>\n","protected":false},"author":4,"featured_media":75021,"comment_status":"closed","ping_status":"closed","sticky":false,"template":"","format":"standard","meta":{"footnotes":""},"categories":[37],"tags":[],"class_list":["post-105723","post","type-post","status-publish","format-standard","has-post-thumbnail","","category-politike"],"_links":{"self":[{"href":"https:\/\/rdnews.al\/index.php\/wp-json\/wp\/v2\/posts\/105723","targetHints":{"allow":["GET"]}}],"collection":[{"href":"https:\/\/rdnews.al\/index.php\/wp-json\/wp\/v2\/posts"}],"about":[{"href":"https:\/\/rdnews.al\/index.php\/wp-json\/wp\/v2\/types\/post"}],"author":[{"embeddable":true,"href":"https:\/\/rdnews.al\/index.php\/wp-json\/wp\/v2\/users\/4"}],"replies":[{"embeddable":true,"href":"https:\/\/rdnews.al\/index.php\/wp-json\/wp\/v2\/comments?post=105723"}],"version-history":[{"count":1,"href":"https:\/\/rdnews.al\/index.php\/wp-json\/wp\/v2\/posts\/105723\/revisions"}],"predecessor-version":[{"id":105724,"href":"https:\/\/rdnews.al\/index.php\/wp-json\/wp\/v2\/posts\/105723\/revisions\/105724"}],"wp:featuredmedia":[{"embeddable":true,"href":"https:\/\/rdnews.al\/index.php\/wp-json\/wp\/v2\/media\/75021"}],"wp:attachment":[{"href":"https:\/\/rdnews.al\/index.php\/wp-json\/wp\/v2\/media?parent=105723"}],"wp:term":[{"taxonomy":"category","embeddable":true,"href":"https:\/\/rdnews.al\/index.php\/wp-json\/wp\/v2\/categories?post=105723"},{"taxonomy":"post_tag","embeddable":true,"href":"https:\/\/rdnews.al\/index.php\/wp-json\/wp\/v2\/tags?post=105723"}],"curies":[{"name":"wp","href":"https:\/\/api.w.org\/{rel}","templated":true}]}}