{"id":105729,"date":"2025-02-25T12:32:34","date_gmt":"2025-02-25T12:32:34","guid":{"rendered":"https:\/\/rdnews.al\/?p=105729"},"modified":"2025-02-25T12:32:34","modified_gmt":"2025-02-25T12:32:34","slug":"ndreca-ne-proces-penal-zevendeson-bushken-pollo-shfaqje-e-shemtuar-opozita-mos-e-lejojne-kete-farse","status":"publish","type":"post","link":"https:\/\/rdnews.al\/index.php\/2025\/02\/25\/ndreca-ne-proces-penal-zevendeson-bushken-pollo-shfaqje-e-shemtuar-opozita-mos-e-lejojne-kete-farse\/","title":{"rendered":"Ndreca n\u00eb pro\u00e7es penal z\u00ebvend\u00ebson Bushk\u00ebn\/ Pollo: Shfaqje e sh\u00ebmtuar, opozita mos e lejojn\u00eb k\u00ebt\u00eb fars\u00eb"},"content":{"rendered":"<p>Nj\u00eb dit\u00eb pasi d\u00ebshmoi n\u00eb SPAK p\u00ebr dosjen \u201cVeliaj\u201d, Klotilda Bushka sot nuk ka qen\u00eb n\u00eb krye t\u00eb Komisionit t\u00eb Ligjeve p\u00ebr ta drejtuar, por n\u00eb vendin e saj ishte z\u00ebvend\u00ebskryetari, deputeti i PS, Plarent Ndreca.<\/p>\n<p>Ky i fundit \u00ebsht\u00eb n\u00eb proces penal p\u00ebr abuzim me tenderat n\u00eb koh\u00ebn kur ishte Sekretar i P\u00ebrgjithsh\u00ebm n\u00eb Ministrin\u00eb e Brendshme.<\/p>\n<p>Ish-ministri Genc Pollo thot\u00eb se kjo l\u00ebvizje e socialiste \u00ebsht\u00eb e sh\u00ebmtuar, nd\u00ebrsa u b\u00ebn thirrje deputet\u00ebve t\u00eb opozit\u00ebs q\u00eb t\u00eb mos e lejojn\u00eb k\u00ebt\u00eb fars\u00eb.<\/p>\n<p>Pollo gjithashtu k\u00ebrkon dor\u00ebheqen e Klotilda Bushk\u00ebs nga posti i kryetares s\u00eb Komisionit t\u00eb Ligjeve.<\/p>\n<p>\u201cKryetarja e Komisionit t\u00eb Ligjeve n\u00ebn hetim p\u00ebr \u201cpengim t\u00eb drejt\u00ebsis\u00eb\u201d nuk paraqitet n\u00eb Kuvend t\u00eb drejtoj\u00eb mbledhjen e Komisionit por as nuk jep dor\u00ebheqje.<\/p>\n<p>N\u00eb vend t\u00eb saj Komisionin e drejton nj\u00eb deputet rilindist q\u00eb \u00ebsht\u00eb n\u00eb pro\u00e7es penal p\u00ebr abuzim me tenderat e Ministris\u00eb s\u00eb Brendshme.<\/p>\n<p>Pamje e sh\u00ebmtuar. Deputet\u00ebt e opozit\u00ebs duhet t\u00eb protestojn\u00eb me t\u00eb gjitha mjetet dhe t\u00eb mos e lejojn\u00eb k\u00ebt\u00eb fars\u00eb\u201d,\u00a0shkruan Pollo.<\/p>\n","protected":false},"excerpt":{"rendered":"<p>Nj\u00eb dit\u00eb pasi d\u00ebshmoi n\u00eb SPAK p\u00ebr dosjen \u201cVeliaj\u201d, Klotilda Bushka sot nuk ka qen\u00eb n\u00eb krye t\u00eb Komisionit t\u00eb Ligjeve p\u00ebr ta drejtuar, por n\u00eb vendin e saj ishte z\u00ebvend\u00ebskryetari, deputeti i PS, Plarent Ndreca. Ky i fundit \u00ebsht\u00eb n\u00eb proces penal p\u00ebr abuzim me tenderat n\u00eb koh\u00ebn kur ishte Sekretar i P\u00ebrgjithsh\u00ebm n\u00eb &hellip;<\/p>\n","protected":false},"author":4,"featured_media":92628,"comment_status":"closed","ping_status":"closed","sticky":false,"template":"","format":"standard","meta":{"footnotes":""},"categories":[37],"tags":[],"class_list":["post-105729","post","type-post","status-publish","format-standard","has-post-thumbnail","","category-politike"],"_links":{"self":[{"href":"https:\/\/rdnews.al\/index.php\/wp-json\/wp\/v2\/posts\/105729","targetHints":{"allow":["GET"]}}],"collection":[{"href":"https:\/\/rdnews.al\/index.php\/wp-json\/wp\/v2\/posts"}],"about":[{"href":"https:\/\/rdnews.al\/index.php\/wp-json\/wp\/v2\/types\/post"}],"author":[{"embeddable":true,"href":"https:\/\/rdnews.al\/index.php\/wp-json\/wp\/v2\/users\/4"}],"replies":[{"embeddable":true,"href":"https:\/\/rdnews.al\/index.php\/wp-json\/wp\/v2\/comments?post=105729"}],"version-history":[{"count":1,"href":"https:\/\/rdnews.al\/index.php\/wp-json\/wp\/v2\/posts\/105729\/revisions"}],"predecessor-version":[{"id":105730,"href":"https:\/\/rdnews.al\/index.php\/wp-json\/wp\/v2\/posts\/105729\/revisions\/105730"}],"wp:featuredmedia":[{"embeddable":true,"href":"https:\/\/rdnews.al\/index.php\/wp-json\/wp\/v2\/media\/92628"}],"wp:attachment":[{"href":"https:\/\/rdnews.al\/index.php\/wp-json\/wp\/v2\/media?parent=105729"}],"wp:term":[{"taxonomy":"category","embeddable":true,"href":"https:\/\/rdnews.al\/index.php\/wp-json\/wp\/v2\/categories?post=105729"},{"taxonomy":"post_tag","embeddable":true,"href":"https:\/\/rdnews.al\/index.php\/wp-json\/wp\/v2\/tags?post=105729"}],"curies":[{"name":"wp","href":"https:\/\/api.w.org\/{rel}","templated":true}]}}