{"id":105731,"date":"2025-02-25T12:36:29","date_gmt":"2025-02-25T12:36:29","guid":{"rendered":"https:\/\/rdnews.al\/?p=105731"},"modified":"2025-02-25T12:36:29","modified_gmt":"2025-02-25T12:36:29","slug":"rama-mbrojti-te-arrestuarit-ne-ubt-pedagogu-ku-jane-leket-ne-universitete-ka-marr-fund-gjithcka","status":"publish","type":"post","link":"https:\/\/rdnews.al\/index.php\/2025\/02\/25\/rama-mbrojti-te-arrestuarit-ne-ubt-pedagogu-ku-jane-leket-ne-universitete-ka-marr-fund-gjithcka\/","title":{"rendered":"Rama mbrojti t\u00eb arrestuarit n\u00eb UBT: Pedagogu: Ku jan\u00eb lek\u00ebt? N\u00eb universitete ka marr fund gjith\u00e7ka!"},"content":{"rendered":"<p>Pedagogu Lush Susaj reagoi\u00a0lidhur me 20 masat e siguris\u00eb t\u00eb l\u00ebshuara nga Prokuroria e Posa\u00e7me p\u00ebr abuzime me tendera n\u00eb Universitetin Bujq\u00ebsor t\u00eb Kamz\u00ebs, ku u shpreh se, prej 25 vitesh q\u00eb ai\u00a0\u00ebsht\u00eb pedagog, gjendja n\u00eb sistemin universitar dhe arsimor kurr\u00eb nuk ka qen\u00eb m\u00eb e lig\u00eb, m\u00eb e dob\u00ebt dhe kjo nga korrupsioni dhe nepotizmi.<\/p>\n<p>Ai tha n\u00eb nj\u00eb deklarat\u00eb p\u00ebr Euronews Albania\u00a0se ndon\u00ebse nuk \u00ebsht\u00eb n\u00eb dijeni se p\u00ebr \u00e7far\u00eb tenderash b\u00ebhet fjal\u00eb n\u00eb dosjen e SPAK, \u00e7do gj\u00eb n\u00eb universitet \u00ebsht\u00eb n\u00eb dosje fiktive, pasi sipas tij n\u00eb universitet mungojn\u00eb edhe mjetet m\u00eb elementare, ndon\u00ebse n\u00eb letra shkruhet se ato jan\u00eb.<\/p>\n<p><strong>Lush Susaj:<\/strong><\/p>\n<p>\u201cUn\u00eb nuk e di se kush \u00ebsht\u00eb thirrur, nuk e di kujt i jan\u00eb dh\u00ebn\u00eb masat, por 20 masa jan\u00eb shum\u00eb. Un\u00eb kam dy gj\u00ebra, se jam\u00a0 kryetari i sindikat\u00ebs s\u00eb pavarur t\u00eb punonj\u00ebsve t\u00eb universitetit dhe m\u00eb prek goditja e reputacionit e universitetit. Ata q\u00eb kan\u00eb cenuar k\u00ebt\u00eb universitet nuk kan\u00eb asgj\u00eb t\u00eb p\u00ebrbashk\u00ebt me k\u00ebt\u00eb universitet. Un\u00eb di q\u00eb gjendja n\u00eb sistemin universitar dhe arsimor kurr\u00eb nuk ka qen\u00eb m\u00eb e lig\u00eb, m\u00eb e dob\u00ebt dhe kjo nga korrupsioni dhe nepotizmi.<\/p>\n<p>Un\u00eb kam 25 vite pedagog. Un\u00eb nuk e di p\u00ebr \u00e7far\u00eb tenderash b\u00ebhet fjal\u00eb, ama di q\u00eb k\u00ebtu gjith\u00e7ka ekziston n\u00eb dosje fiktive, nd\u00ebrsa kur vjen puna, laborator\u00ebt jan\u00eb bosh, bazat prodhuese jan\u00eb bosh, s\u2019kemi kondicioner\u00eb n\u00eb zyra. Nj\u00eb karrige kam q\u00eb prej 25 vitesh, \u00ebsht\u00eb e grisur e m\u00eb gris rrobat. Nj\u00eb printer nuk kemi, letra nuk kemi. N\u00eb universitete ka marr fund gjith\u00e7ka. Student\u00ebt n\u00ebp\u00ebr praktika nuk dalin. Ku jan\u00eb lek\u00ebt? SPAK ka vepruar dhe inkurajoj drejt\u00ebsin\u00eb e qoft\u00eb i nderuar \u00e7do institut q\u00eb nd\u00ebrhyn, ama un\u00eb lus Zotin q\u00eb \u00e7dokush t\u00eb gjykohet vet\u00ebm n\u00eb t\u00eb drejt\u00ebn e ligjit\u201d, tha pedagogu.<\/p>\n","protected":false},"excerpt":{"rendered":"<p>Pedagogu Lush Susaj reagoi\u00a0lidhur me 20 masat e siguris\u00eb t\u00eb l\u00ebshuara nga Prokuroria e Posa\u00e7me p\u00ebr abuzime me tendera n\u00eb Universitetin Bujq\u00ebsor t\u00eb Kamz\u00ebs, ku u shpreh se, prej 25 vitesh q\u00eb ai\u00a0\u00ebsht\u00eb pedagog, gjendja n\u00eb sistemin universitar dhe arsimor kurr\u00eb nuk ka qen\u00eb m\u00eb e lig\u00eb, m\u00eb e dob\u00ebt dhe kjo nga korrupsioni dhe &hellip;<\/p>\n","protected":false},"author":4,"featured_media":105715,"comment_status":"closed","ping_status":"closed","sticky":false,"template":"","format":"standard","meta":{"footnotes":""},"categories":[37],"tags":[],"class_list":["post-105731","post","type-post","status-publish","format-standard","has-post-thumbnail","","category-politike"],"_links":{"self":[{"href":"https:\/\/rdnews.al\/index.php\/wp-json\/wp\/v2\/posts\/105731","targetHints":{"allow":["GET"]}}],"collection":[{"href":"https:\/\/rdnews.al\/index.php\/wp-json\/wp\/v2\/posts"}],"about":[{"href":"https:\/\/rdnews.al\/index.php\/wp-json\/wp\/v2\/types\/post"}],"author":[{"embeddable":true,"href":"https:\/\/rdnews.al\/index.php\/wp-json\/wp\/v2\/users\/4"}],"replies":[{"embeddable":true,"href":"https:\/\/rdnews.al\/index.php\/wp-json\/wp\/v2\/comments?post=105731"}],"version-history":[{"count":1,"href":"https:\/\/rdnews.al\/index.php\/wp-json\/wp\/v2\/posts\/105731\/revisions"}],"predecessor-version":[{"id":105732,"href":"https:\/\/rdnews.al\/index.php\/wp-json\/wp\/v2\/posts\/105731\/revisions\/105732"}],"wp:featuredmedia":[{"embeddable":true,"href":"https:\/\/rdnews.al\/index.php\/wp-json\/wp\/v2\/media\/105715"}],"wp:attachment":[{"href":"https:\/\/rdnews.al\/index.php\/wp-json\/wp\/v2\/media?parent=105731"}],"wp:term":[{"taxonomy":"category","embeddable":true,"href":"https:\/\/rdnews.al\/index.php\/wp-json\/wp\/v2\/categories?post=105731"},{"taxonomy":"post_tag","embeddable":true,"href":"https:\/\/rdnews.al\/index.php\/wp-json\/wp\/v2\/tags?post=105731"}],"curies":[{"name":"wp","href":"https:\/\/api.w.org\/{rel}","templated":true}]}}