{"id":105733,"date":"2025-02-25T12:41:48","date_gmt":"2025-02-25T12:41:48","guid":{"rendered":"https:\/\/rdnews.al\/?p=105733"},"modified":"2025-02-25T12:44:14","modified_gmt":"2025-02-25T12:44:14","slug":"denoncim-nga-durresi-betonieret-pushtojne-bregdetin-me-bekimin-e-sakos","status":"publish","type":"post","link":"https:\/\/rdnews.al\/index.php\/2025\/02\/25\/denoncim-nga-durresi-betonieret-pushtojne-bregdetin-me-bekimin-e-sakos\/","title":{"rendered":"Denoncim nga Durr\u00ebsi: Betonieret pushtojn\u00eb bregdetin me bekimin e Sakos!"},"content":{"rendered":"<p>Nj\u00eb qytetar nga Durr\u00ebsi denoncon masakr\u00ebn e betonit q\u00eb po ndodh k\u00ebto dit\u00eb n\u00eb zon\u00ebn tek Hotel \u201cIliria\u201d. ai thot\u00eb se, kryetarja e Bashkis\u00eb ka vendosur t\u00eb mos e shqet\u00ebsoj\u00eb biznesin deri n\u00eb momentin q\u00eb do mbaroj\u00eb shtes\u00ebn.<\/p>\n<p><strong>Denoncimi<\/strong><\/p>\n<p>Dua t\u00eb denoncoj nj\u00eb krim mjedisor q\u00eb po ndodh n\u00eb Durr\u00ebs me bekimin e kryetares s\u00eb Bashkis\u00eb Emiriana Sako.<\/p>\n<p>Hotel Iliria po\u00a0 kryen punime p\u00ebr zgjerimin e biznesit, por nuk ka marr\u00eb leje nga Bashkia e Durr\u00ebsit.<\/p>\n<p>Kryetarja e Bashkis\u00eb ka vendosur t\u00eb mos e shqet\u00ebsoj\u00eb biznesin deri n\u00eb momentin q\u00eb do mbaroj\u00eb shtes\u00ebn.<\/p>\n<p>K\u00ebtu nuk ka nj\u00eb tabel\u00eb q\u00eb lejohen punimet. Betonieret kan\u00eb marr\u00eb urdh\u00ebr q\u00eb t\u00eb punojn\u00eb nat\u00ebn. Mjetet e r\u00ebnda po shkat\u00ebrrojn\u00eb edhe pist\u00ebn q\u00eb \u00ebsht\u00eb nd\u00ebrtuar s\u00eb fundmi.<\/p>\n<p>Me tonelata beton shkarkohet k\u00ebtu n\u00eb mesnat\u00eb, nd\u00ebrsa ndotja mjedisore \u00ebsht\u00eb n\u00eb nivele alarmante.<\/p>\n<p>T\u00eb gjitha uj\u00ebrat e ndotur\u00a0 nga biznesi dhe punimet q\u00eb po kryhen derdhen n\u00eb det.<\/p>\n<p>Balluku: 1000 aplikime p\u00ebr panele diellore p\u00ebr ngrohjen e ujit n\u00eb 36 or\u00ebt e para<\/p>\n<p>Betonizohet vija bregdetare dhe Bashkia mbyll syt\u00eb p\u00ebr punimet q\u00eb po b\u00ebhen dhe p\u00ebr katastrof\u00ebn mjedisore.<\/p>\n<p>I b\u00ebj thirrje ministres Mirela Kumbaro t\u00eb marr\u00eb masa t\u00eb menj\u00ebhershme, se Bashkia e Durr\u00ebsit do zgjohet vet\u00ebm kur biznesi t\u00eb mbaroj\u00eb punimet.\/OraNews<\/p>\n","protected":false},"excerpt":{"rendered":"<p>Nj\u00eb qytetar nga Durr\u00ebsi denoncon masakr\u00ebn e betonit q\u00eb po ndodh k\u00ebto dit\u00eb n\u00eb zon\u00ebn tek Hotel \u201cIliria\u201d. ai thot\u00eb se, kryetarja e Bashkis\u00eb ka vendosur t\u00eb mos e shqet\u00ebsoj\u00eb biznesin deri n\u00eb momentin q\u00eb do mbaroj\u00eb shtes\u00ebn. Denoncimi Dua t\u00eb denoncoj nj\u00eb krim mjedisor q\u00eb po ndodh n\u00eb Durr\u00ebs me bekimin e kryetares s\u00eb &hellip;<\/p>\n","protected":false},"author":4,"featured_media":105735,"comment_status":"closed","ping_status":"closed","sticky":false,"template":"","format":"standard","meta":{"footnotes":""},"categories":[37],"tags":[],"class_list":["post-105733","post","type-post","status-publish","format-standard","has-post-thumbnail","","category-politike"],"_links":{"self":[{"href":"https:\/\/rdnews.al\/index.php\/wp-json\/wp\/v2\/posts\/105733","targetHints":{"allow":["GET"]}}],"collection":[{"href":"https:\/\/rdnews.al\/index.php\/wp-json\/wp\/v2\/posts"}],"about":[{"href":"https:\/\/rdnews.al\/index.php\/wp-json\/wp\/v2\/types\/post"}],"author":[{"embeddable":true,"href":"https:\/\/rdnews.al\/index.php\/wp-json\/wp\/v2\/users\/4"}],"replies":[{"embeddable":true,"href":"https:\/\/rdnews.al\/index.php\/wp-json\/wp\/v2\/comments?post=105733"}],"version-history":[{"count":1,"href":"https:\/\/rdnews.al\/index.php\/wp-json\/wp\/v2\/posts\/105733\/revisions"}],"predecessor-version":[{"id":105734,"href":"https:\/\/rdnews.al\/index.php\/wp-json\/wp\/v2\/posts\/105733\/revisions\/105734"}],"wp:featuredmedia":[{"embeddable":true,"href":"https:\/\/rdnews.al\/index.php\/wp-json\/wp\/v2\/media\/105735"}],"wp:attachment":[{"href":"https:\/\/rdnews.al\/index.php\/wp-json\/wp\/v2\/media?parent=105733"}],"wp:term":[{"taxonomy":"category","embeddable":true,"href":"https:\/\/rdnews.al\/index.php\/wp-json\/wp\/v2\/categories?post=105733"},{"taxonomy":"post_tag","embeddable":true,"href":"https:\/\/rdnews.al\/index.php\/wp-json\/wp\/v2\/tags?post=105733"}],"curies":[{"name":"wp","href":"https:\/\/api.w.org\/{rel}","templated":true}]}}