{"id":105739,"date":"2025-02-25T14:09:28","date_gmt":"2025-02-25T14:09:28","guid":{"rendered":"https:\/\/rdnews.al\/?p=105739"},"modified":"2025-02-25T14:09:28","modified_gmt":"2025-02-25T14:09:28","slug":"erion-veliaj-neser-do-te-denoncohet-per-mashtrim-publik-do-ti-bashkohet-edhe-dosja-e-griseldes","status":"publish","type":"post","link":"https:\/\/rdnews.al\/index.php\/2025\/02\/25\/erion-veliaj-neser-do-te-denoncohet-per-mashtrim-publik-do-ti-bashkohet-edhe-dosja-e-griseldes\/","title":{"rendered":"Erion Veliaj nes\u00ebr do t\u00eb denoncohet p\u00ebr mashtrim publik, do t\u2019i bashkohet edhe dosja e Griseld\u00ebs!"},"content":{"rendered":"<p>Kryetari i PD, Sali Berisha gjat\u00eb nj\u00eb deklarate shtypi n\u00eb selin\u00eb e PD ka denoncuar mashtrimet publike t\u00eb E\u00ebrion Veliajt ne lidhje me procesverbalin e seanc\u00ebs n\u00eb Gjykat\u00eb. Berisha tha se, duke d\u00ebnuar me forc\u00ebn m\u00eb t\u00eb madhe k\u00ebt\u00eb qendrim banditesk, e informoj Erion Veliajn dhe publikun se, ai nes\u00ebr do t\u00eb denoncohet p\u00ebr mashtrim publik dhe shihen modalitetet q\u00eb k\u00ebsaj dosje t\u2019i bashkohet edhe dosja e Griseld\u00ebs, e cila nuk mund t\u2019i harrohet.<\/p>\n<p>\u201cUn\u00eb gjithashtu, jam p\u00ebr t\u00eb d\u00ebnuar k\u00ebtu me forc\u00ebn m\u00eb t\u00eb madhe Griseld\u00ebn bis t\u00eb Lali Vjedh\u00ebsit. Famoz n\u00eb mashtrimet e tij publike, Lali Vjedh\u00ebsi mashtroi qytetar\u00ebt e Shqip\u00ebris\u00eb dhe komunitetit nd\u00ebrkomb\u00ebtar, duke postuar nga qelia procesverbal t\u00eb falsifikuar dhe manipuluar, me t\u00eb cilin ai me \u00e7do kusht donte t\u00eb r\u00ebndonte pozicionin e prokurorit t\u00eb dosjes.<\/p>\n<p>Duke d\u00ebnuar me forc\u00ebn m\u00eb t\u00eb madhe k\u00ebt\u00eb qendrim banditesk, e informoj Erion Veliajn dhe publikun se, ai nes\u00ebr do t\u00eb denoncohet p\u00ebr mashtrim publik dhe shihen modalitetet q\u00eb k\u00ebsaj dosje t\u2019i bashkohet edhe dosja e Griseld\u00ebs, e cila nuk mund t\u2019i harrohet.<\/p>\n<p>Me mashtrimin e djesh\u00ebm ndaj publikut, Erion Veliaj tregoi se, p\u00ebr t\u2019i shp\u00ebtuar krimeve q\u00eb ka kryer \u00ebsht\u00eb i aft\u00eb t\u00eb nd\u00ebrmarr\u00eb \u00e7do veprim.<\/p>\n<p>Un\u00eb ju deklarova se ai po k\u00ebrc\u00ebnon indirekt d\u00ebshmitar\u00eb, duke i d\u00ebrguar mesazhe personale, apo duke k\u00ebrc\u00ebnuar se e kemi personale prokurorin. Por dje ai e shp\u00ebrkall\u00ebzoi qendrimin e tij kriminal. E p\u00ebrshkall\u00ebzoi duke mashtruar qytetar\u00ebt shqiptar\u00eb, sikur prokurori i paska th\u00ebn\u00eb atij nj\u00eb fjal\u00eb t\u00eb d\u00ebnueshme. Por, publikimi nga gjykata t\u00eb audios s\u00eb atij momenti tregonte se \u00e7far\u00eb njeriu pa karakter dhe pa moral ka qeverisur bashkin\u00eb e Tiran\u00ebs.<\/p>\n<p>Ndaj dhe, nes\u00ebr nis p\u00ebrpilimi i aktakuz\u00ebs ndaj tij. Do t\u00eb paditet p\u00ebr mashtrim t\u00eb rrem\u00eb public\u201d, tha Berisha.<\/p>\n","protected":false},"excerpt":{"rendered":"<p>Kryetari i PD, Sali Berisha gjat\u00eb nj\u00eb deklarate shtypi n\u00eb selin\u00eb e PD ka denoncuar mashtrimet publike t\u00eb E\u00ebrion Veliajt ne lidhje me procesverbalin e seanc\u00ebs n\u00eb Gjykat\u00eb. Berisha tha se, duke d\u00ebnuar me forc\u00ebn m\u00eb t\u00eb madhe k\u00ebt\u00eb qendrim banditesk, e informoj Erion Veliajn dhe publikun se, ai nes\u00ebr do t\u00eb denoncohet p\u00ebr mashtrim &hellip;<\/p>\n","protected":false},"author":4,"featured_media":105740,"comment_status":"closed","ping_status":"closed","sticky":false,"template":"","format":"standard","meta":{"footnotes":""},"categories":[37],"tags":[],"class_list":["post-105739","post","type-post","status-publish","format-standard","has-post-thumbnail","","category-politike"],"_links":{"self":[{"href":"https:\/\/rdnews.al\/index.php\/wp-json\/wp\/v2\/posts\/105739","targetHints":{"allow":["GET"]}}],"collection":[{"href":"https:\/\/rdnews.al\/index.php\/wp-json\/wp\/v2\/posts"}],"about":[{"href":"https:\/\/rdnews.al\/index.php\/wp-json\/wp\/v2\/types\/post"}],"author":[{"embeddable":true,"href":"https:\/\/rdnews.al\/index.php\/wp-json\/wp\/v2\/users\/4"}],"replies":[{"embeddable":true,"href":"https:\/\/rdnews.al\/index.php\/wp-json\/wp\/v2\/comments?post=105739"}],"version-history":[{"count":1,"href":"https:\/\/rdnews.al\/index.php\/wp-json\/wp\/v2\/posts\/105739\/revisions"}],"predecessor-version":[{"id":105741,"href":"https:\/\/rdnews.al\/index.php\/wp-json\/wp\/v2\/posts\/105739\/revisions\/105741"}],"wp:featuredmedia":[{"embeddable":true,"href":"https:\/\/rdnews.al\/index.php\/wp-json\/wp\/v2\/media\/105740"}],"wp:attachment":[{"href":"https:\/\/rdnews.al\/index.php\/wp-json\/wp\/v2\/media?parent=105739"}],"wp:term":[{"taxonomy":"category","embeddable":true,"href":"https:\/\/rdnews.al\/index.php\/wp-json\/wp\/v2\/categories?post=105739"},{"taxonomy":"post_tag","embeddable":true,"href":"https:\/\/rdnews.al\/index.php\/wp-json\/wp\/v2\/tags?post=105739"}],"curies":[{"name":"wp","href":"https:\/\/api.w.org\/{rel}","templated":true}]}}