{"id":105742,"date":"2025-02-25T14:13:47","date_gmt":"2025-02-25T14:13:47","guid":{"rendered":"https:\/\/rdnews.al\/?p=105742"},"modified":"2025-02-25T14:13:47","modified_gmt":"2025-02-25T14:13:47","slug":"berisha-ne-qeverisjen-e-pd-shqiperia-nuk-do-te-kete-kurre-prokurori-politike","status":"publish","type":"post","link":"https:\/\/rdnews.al\/index.php\/2025\/02\/25\/berisha-ne-qeverisjen-e-pd-shqiperia-nuk-do-te-kete-kurre-prokurori-politike\/","title":{"rendered":"Berisha: N\u00eb qeverisjen e PD, Shqip\u00ebria nuk do t\u00eb ket\u00eb kurr\u00eb prokurori politike!"},"content":{"rendered":"<p>Kryetari i PD, Sali Berisha u shpreh se n\u00ebn qeverisjen e PD, vendi yn\u00eb nuk do t\u00eb ket\u00eb kurr\u00eb prokurori politike.<\/p>\n<p>N\u00eb nj\u00eb deklarat\u00eb nga\u00a0selia blu, Berisha tha se qytetar\u00ebt duhet ta ken\u00eb t\u00eb qart\u00eb, se prokurorit\u00eb politike jan\u00eb prokurori diktaturash.<\/p>\n<p>\u201cParalajm\u00ebroj Edi Ram\u00ebn t\u00eb denoncoj\u00eb k\u00ebt\u00eb akt manipulativ dhe mashtrues, n\u00eb rast se nuk \u00ebsht\u00eb n\u00eb bashk\u00ebpunim me t\u00eb. N\u00eb at\u00eb njoftim edhe Edi Rama ka pjes\u00ebn e tij, ndaj edhe urgjentisht do t\u00eb qart\u00ebsoj\u00eb pjes\u00ebn e tij.<\/p>\n<p>Faleminderit!<\/p>\n<p>Tani, nuk duhet, mendoj un\u00eb, t\u00eb b\u00ebjm\u00eb interpretime jasht\u00eb kontekstit. Ajo q\u00eb kam deklaruar dhe deklaroj un\u00eb, se kurr\u00eb n\u00eb qeverisjen e PD, Shqip\u00ebria nuk do t\u00eb ket\u00eb prokurori politike. K\u00ebt\u00eb ta ket\u00eb t\u00eb qart\u00eb \u00e7do qytetar shqiptar. Prokurorit\u00eb politike jan\u00eb prokurori diktaturash.<\/p>\n<p>Por, un\u00eb ftoj qytetar\u00ebt, meq\u00ebn\u00ebse \u00ebsht\u00eb nj\u00eb gjenerat\u00eb e t\u00ebr\u00eb q\u00eb nuk ka jetuar diktatur\u00ebn dhe m\u00eb shum\u00eb, t\u00eb mos harrojn\u00eb se gjat\u00eb diktatur\u00ebs prokuroria staliniste e pushtetit t\u00eb Enver Hoxh\u00ebs, krahas d\u00ebnimeve politike, jepte me dhjet\u00ebra, qindra dhe mij\u00ebra d\u00ebnime p\u00ebr krime jopolitike ordinere.<\/p>\n<p>P\u00ebr ata q\u00eb e riujtojn\u00eb at\u00eb koh\u00eb, Skapi sot b\u00ebn t\u00eb nj\u00ebjt\u00ebn gj\u00eb krahas d\u00ebnimeve politike p\u00ebr llogari t\u00eb Edi Ram\u00ebs jep dhe d\u00ebnime t\u00eb tjera. Por, e para ishte prokurori politike, dhe e dyta \u00ebsht\u00eb po k\u00ebshtu kaq politike. Dhe k\u00ebshtu, Shqip\u00ebria nj\u00eb vend i lir\u00eb, sovran i pavarur nuk mund t\u00eb ket\u00eb kurr\u00eb, dhe nuk do ket\u00eb kurr\u00eb prokurori politike. Kjo \u00ebsht\u00eb p\u00ebrgjigja ime p\u00ebr qytetar\u00ebt shqiptar\u00eb\u201d, tha Berisha.<\/p>\n","protected":false},"excerpt":{"rendered":"<p>Kryetari i PD, Sali Berisha u shpreh se n\u00ebn qeverisjen e PD, vendi yn\u00eb nuk do t\u00eb ket\u00eb kurr\u00eb prokurori politike. N\u00eb nj\u00eb deklarat\u00eb nga\u00a0selia blu, Berisha tha se qytetar\u00ebt duhet ta ken\u00eb t\u00eb qart\u00eb, se prokurorit\u00eb politike jan\u00eb prokurori diktaturash. \u201cParalajm\u00ebroj Edi Ram\u00ebn t\u00eb denoncoj\u00eb k\u00ebt\u00eb akt manipulativ dhe mashtrues, n\u00eb rast se nuk &hellip;<\/p>\n","protected":false},"author":4,"featured_media":105743,"comment_status":"closed","ping_status":"closed","sticky":false,"template":"","format":"standard","meta":{"footnotes":""},"categories":[37],"tags":[],"class_list":["post-105742","post","type-post","status-publish","format-standard","has-post-thumbnail","","category-politike"],"_links":{"self":[{"href":"https:\/\/rdnews.al\/index.php\/wp-json\/wp\/v2\/posts\/105742","targetHints":{"allow":["GET"]}}],"collection":[{"href":"https:\/\/rdnews.al\/index.php\/wp-json\/wp\/v2\/posts"}],"about":[{"href":"https:\/\/rdnews.al\/index.php\/wp-json\/wp\/v2\/types\/post"}],"author":[{"embeddable":true,"href":"https:\/\/rdnews.al\/index.php\/wp-json\/wp\/v2\/users\/4"}],"replies":[{"embeddable":true,"href":"https:\/\/rdnews.al\/index.php\/wp-json\/wp\/v2\/comments?post=105742"}],"version-history":[{"count":1,"href":"https:\/\/rdnews.al\/index.php\/wp-json\/wp\/v2\/posts\/105742\/revisions"}],"predecessor-version":[{"id":105744,"href":"https:\/\/rdnews.al\/index.php\/wp-json\/wp\/v2\/posts\/105742\/revisions\/105744"}],"wp:featuredmedia":[{"embeddable":true,"href":"https:\/\/rdnews.al\/index.php\/wp-json\/wp\/v2\/media\/105743"}],"wp:attachment":[{"href":"https:\/\/rdnews.al\/index.php\/wp-json\/wp\/v2\/media?parent=105742"}],"wp:term":[{"taxonomy":"category","embeddable":true,"href":"https:\/\/rdnews.al\/index.php\/wp-json\/wp\/v2\/categories?post=105742"},{"taxonomy":"post_tag","embeddable":true,"href":"https:\/\/rdnews.al\/index.php\/wp-json\/wp\/v2\/tags?post=105742"}],"curies":[{"name":"wp","href":"https:\/\/api.w.org\/{rel}","templated":true}]}}